{"id":45792,"date":"2022-05-17T17:09:53","date_gmt":"2022-05-17T22:09:53","guid":{"rendered":"https:\/\/revistazetta.com\/?p=45792"},"modified":"2022-05-17T17:09:53","modified_gmt":"2022-05-17T22:09:53","slug":"unicartagena-oficializa-designacion-de-malkun-como-nuevo-rector","status":"publish","type":"post","link":"https:\/\/revistazetta.com\/?p=45792","title":{"rendered":"Unicartagena oficializa designaci\u00f3n de Malkun como nuevo rector"},"content":{"rendered":"<p><span style=\"color: #0000ff;\"><em><strong>Consejo Superior en sesi\u00f3n extraordinaria designa al historiador Willian Malkun Castillejo como nuevo rector de la UdeC.\u00a0El nuevo rector se posesionar\u00e1 el 5 de junio de 2022 y estar\u00e1 por un periodo de 4 a\u00f1os<span class=\"Apple-converted-space\">\u00a0<\/span><\/strong><\/em><\/span><\/p>\n<p><strong>Cartagena de Indias, 17 de mayo de 2022.-<\/strong> Willian Malkun Castillejo es el nuevo rector designado por el Consejo Superior decisi\u00f3n que se tom\u00f3 en una sesi\u00f3n extraordinaria, luego de haber salido elegible en el proceso de Consulta y Elecciones. Esta decisi\u00f3n que fue tomada en unanimidad teniendo en cuenta la norma y los resultados electorales apoy\u00f3 la elecci\u00f3n de la comunidad udece\u00edsta hecha en las urnas.<span class=\"Apple-converted-space\">\u00a0<\/span><\/p>\n<p>Adriana Trucco, presidenta del Consejo Superior, habl\u00f3 de cu\u00e1les fueron los requisitos que hicieron que Malkun hoy sea el nuevo rector de la Universidad de Cartagena \u201cVisualizamos los resultados entregados por el consejo superior escrutador, fueron unos resultados contundentes, superaron el 80% de las votaciones la persona electa que es el doctor Willian Malkun, una persona que llega con unos resultados que denotan la uni\u00f3n universitaria. Cuando nosotros observamos los resultados y visualizamos que adem\u00e1s, fue el \u00fanico que cumpl\u00eda con los requisitos establecidos en el art\u00edculo 34, tomamos la determinaci\u00f3n, luego de haber hecho la verificaci\u00f3n de los respectivos documentos que acreditan que no tiene ning\u00fan tipo de inhabilidad o impedimento para ejercer el cargo, de elegirlo como rector de la Universidad de Cartagena para el pr\u00f3ximo periodo\u201d<span class=\"Apple-converted-space\">\u00a0<\/span><\/p>\n<p>Malkun, quien es historiador egresado de la Universidad de Cartagena, con Magister en Historia y Doctor en Ciencias Pol\u00edticas; ha trabajado en la Universidad de Cartagena los \u00faltimos a\u00f1os como docente asociado de tiempo completo de pregrado, en el programa de Historia y Departamento de Humanidades e Idiomas.<span class=\"Apple-converted-space\">\u00a0<\/span><\/p>\n<p>Asimismo, ha asumido distintos cargos como Jefe de Departamento de Postgrado de la Facultad de Ciencias Humanas, durante el periodo de 2010 a 2018. Vicerrector de Extensi\u00f3n y Proyecci\u00f3n Social, en el periodo de 2018 a 2021. De igual forma, asumi\u00f3 el rol de rector delegado y rector encargado en varias ocasiones.<span class=\"Apple-converted-space\">\u00a0<\/span><\/p>\n<p>Ha trabajado en diferentes proyectos investigativos, entre ellos \u201cContrabando, fraude e ilegalidad en el Estado Soberano de Bol\u00edvar 1857-1886\u201d publicado en 2011, adem\u00e1s de \u201cEducaci\u00f3n y pol\u00edtica en el estado Soberano de Bol\u00edvar 1857-1885\u201d publicado en 2009. De igual forma, ha tenido distintas coautor\u00edas y publicaciones desde 2002, algunas de sus \u00faltimas publicaciones se dieron en 2013, en las que resalta el papel del estado en temas de inter\u00e9s como el comercio, el imperio, libros y bibliotecas en Bol\u00edvar..<\/p>\n<p>Durante su periodo estudiantil fue Presidente del Consejo Estudiantil de la Facultad de Ciencias Humanas, desde ah\u00ed mostr\u00f3 su inter\u00e9s por aportar a los espacios acad\u00e9micos de la Universidad de Cartagena.<span class=\"Apple-converted-space\">\u00a0<\/span><\/p>\n<p>El nuevo rector expres\u00f3 su alegr\u00eda por esta nueva etapa \u201cNo puedo ocultar la felicidad, pero tambi\u00e9n la responsabilidad que acarrea esa designaci\u00f3n. El respeto a esos estamentos que conforman nuestra gloriosa Universidad de Cartagena y sobretodo, tener unos d\u00edas para pensar lo que va a venir para la Universidad de Cartagena\u201d<span class=\"Apple-converted-space\">\u00a0<\/span><\/p>\n<p>De igual forma, explic\u00f3 que nunca sinti\u00f3 cansancio durante el proceso electoral interno, sino que por el contrario, incrementaron sus ganas de seguir sirviendo a la Universidad. Tambi\u00e9n habl\u00f3 sobre los retos a futuro \u201cCreo que los retos que se vienen van a ser grandes, el doctor Parra nos ha entregado una universidad con un nivel y un reconocimiento supremamente enorme, y eso realmente compromete a seguir trabajando, y sobre todo, a querer hacer las cosas bien\u201d<\/p>\n<p>Malkun reemplazar\u00e1 al actual rector Edgar Parra Chac\u00f3n, luego de 8 a\u00f1os en el cargo. El nuevo rector se posicionar\u00e1 el pr\u00f3ximo 5 de junio y posterior a esto, \u00e9l mismo designar\u00e1 a los nuevos decanos y directores de programas.<\/p>\n","protected":false},"excerpt":{"rendered":"<p>Consejo Superior en sesi\u00f3n extraordinaria designa al historiador Willian Malkun Castillejo como nuevo rector de la UdeC.\u00a0El nuevo rector se posesionar\u00e1 el 5 de junio de 2022 y estar\u00e1 por un periodo de 4 a\u00f1os\u00a0 Cartagena de Indias, 17 de mayo de 2022.- Willian Malkun Castillejo es el nuevo rector designado por el Consejo Superior decisi\u00f3n que se tom\u00f3 en una sesi\u00f3n extraordinaria, luego de haber salido elegible en el proceso de Consulta y Elecciones. Esta decisi\u00f3n que fue tomada en unanimidad teniendo en cuenta la norma y los resultados&#8230; <\/p>\n","protected":false},"author":3,"featured_media":45793,"comment_status":"closed","ping_status":"closed","sticky":false,"template":"","format":"standard","meta":{"footnotes":"","_links_to":"","_links_to_target":""},"categories":[3,51],"tags":[292,231,266,293,230,852],"class_list":["post-45792","post","type-post","status-publish","format-standard","has-post-thumbnail","hentry","category-ciudad","category-universidad","tag-ciudad","tag-udc","tag-unicartagena","tag-universidad","tag-universidad-de-cartagena","tag-willian-malkun"],"_links":{"self":[{"href":"https:\/\/revistazetta.com\/index.php?rest_route=\/wp\/v2\/posts\/45792","targetHints":{"allow":["GET"]}}],"collection":[{"href":"https:\/\/revistazetta.com\/index.php?rest_route=\/wp\/v2\/posts"}],"about":[{"href":"https:\/\/revistazetta.com\/index.php?rest_route=\/wp\/v2\/types\/post"}],"author":[{"embeddable":true,"href":"https:\/\/revistazetta.com\/index.php?rest_route=\/wp\/v2\/users\/3"}],"replies":[{"embeddable":true,"href":"https:\/\/revistazetta.com\/index.php?rest_route=%2Fwp%2Fv2%2Fcomments&post=45792"}],"version-history":[{"count":0,"href":"https:\/\/revistazetta.com\/index.php?rest_route=\/wp\/v2\/posts\/45792\/revisions"}],"wp:featuredmedia":[{"embeddable":true,"href":"https:\/\/revistazetta.com\/index.php?rest_route=\/wp\/v2\/media\/45793"}],"wp:attachment":[{"href":"https:\/\/revistazetta.com\/index.php?rest_route=%2Fwp%2Fv2%2Fmedia&parent=45792"}],"wp:term":[{"taxonomy":"category","embeddable":true,"href":"https:\/\/revistazetta.com\/index.php?rest_route=%2Fwp%2Fv2%2Fcategories&post=45792"},{"taxonomy":"post_tag","embeddable":true,"href":"https:\/\/revistazetta.com\/index.php?rest_route=%2Fwp%2Fv2%2Ftags&post=45792"}],"curies":[{"name":"wp","href":"https:\/\/api.w.org\/{rel}","templated":true}]}}