{"id":45963,"date":"2022-05-30T08:08:29","date_gmt":"2022-05-30T13:08:29","guid":{"rendered":"https:\/\/revistazetta.com\/?p=45963"},"modified":"2022-05-30T08:08:29","modified_gmt":"2022-05-30T13:08:29","slug":"petro-nunca-sera-presidente-colombia-votara-por-rodolfo-hernandez","status":"publish","type":"post","link":"https:\/\/revistazetta.com\/?p=45963","title":{"rendered":"Petro nunca ser\u00e1 Presidente: Colombia votar\u00e1 por Rodolfo Hern\u00e1ndez"},"content":{"rendered":"<p><strong>Cartagena de Indias, 30 de mayo de 2022.-<\/strong> Doce a\u00f1os en busca de la Presidencia, una curul en el Senado sin presentar proyecto de ley alguno, y liderazgo de un pacto plagado de esc\u00e1ndalos y cuestionad\u00edsimos personajillos, no le alcanzaron a Gustavo Petro para pasar del un previsible 40% en la primera vuelta presidencial, mientras que el carism\u00e1tico Rodolfo Hern\u00e1ndez, con. su discurso frontero, dio la gran sorpresa y fue el verdadero ganador al pasar a la segunda vuelta presidencial.<\/p>\n<p>Lo que viene es la lucha de Petro por conquistar alguna franja reticente al cambio y proclive a su agenda clientelista, y un tsunami de respaldos a Rodolfo Hern\u00e1ndez, comenzando por Fico Guti\u00e9rrez, que de inmediato admiti\u00f3 su derrota y le ofreci\u00f3 total y desinteresado apoyo.<\/p>\n<p>En otras democracias, una derrota a estas alturas supone el retiro inmediato y fulminante de la pol\u00edtica. \u00bfSer\u00e1 que Petro tiene la decencia y sensatez para retirarse cuando pierda la Presidencia con Rodolfo Hern\u00e1ndez? \u00bfOptar\u00e1 por seguir su delirio de Ner\u00f3n e incendiar la democracia, cual palacio de Justicia, por no aceptar otra ejemplar derrota como la que le asest\u00f3 Iv\u00e1n Duque, que lo mando como premio de consolaci\u00f3n al Senado?<\/p>\n<p>El ingeniero se abre paso hacia la Presidencia, y el que fue guerrillero hacia la derrota.<\/p>\n<p>&nbsp;<\/p>\n<p>&nbsp;<\/p>\n","protected":false},"excerpt":{"rendered":"<p>Cartagena de Indias, 30 de mayo de 2022.- Doce a\u00f1os en busca de la Presidencia, una curul en el Senado sin presentar proyecto de ley alguno, y liderazgo de un pacto plagado de esc\u00e1ndalos y cuestionad\u00edsimos personajillos, no le alcanzaron a Gustavo Petro para pasar del un previsible 40% en la primera vuelta presidencial, mientras que el carism\u00e1tico Rodolfo Hern\u00e1ndez, con. su discurso frontero, dio la gran sorpresa y fue el verdadero ganador al pasar a la segunda vuelta presidencial. Lo que viene es la lucha de Petro por conquistar&#8230; <\/p>\n","protected":false},"author":3,"featured_media":45964,"comment_status":"closed","ping_status":"closed","sticky":false,"template":"","format":"standard","meta":{"footnotes":"","_links_to":"","_links_to_target":""},"categories":[66,75,44],"tags":[314,285,749,519,288,905],"class_list":["post-45963","post","type-post","status-publish","format-standard","has-post-thumbnail","hentry","category-analisis","category-destacada","category-materiagris","tag-analisis","tag-destacada","tag-fico-gutierrez","tag-gustavo-petro","tag-materia-gris","tag-rodolfo-hernandez"],"_links":{"self":[{"href":"https:\/\/revistazetta.com\/index.php?rest_route=\/wp\/v2\/posts\/45963","targetHints":{"allow":["GET"]}}],"collection":[{"href":"https:\/\/revistazetta.com\/index.php?rest_route=\/wp\/v2\/posts"}],"about":[{"href":"https:\/\/revistazetta.com\/index.php?rest_route=\/wp\/v2\/types\/post"}],"author":[{"embeddable":true,"href":"https:\/\/revistazetta.com\/index.php?rest_route=\/wp\/v2\/users\/3"}],"replies":[{"embeddable":true,"href":"https:\/\/revistazetta.com\/index.php?rest_route=%2Fwp%2Fv2%2Fcomments&post=45963"}],"version-history":[{"count":0,"href":"https:\/\/revistazetta.com\/index.php?rest_route=\/wp\/v2\/posts\/45963\/revisions"}],"wp:featuredmedia":[{"embeddable":true,"href":"https:\/\/revistazetta.com\/index.php?rest_route=\/wp\/v2\/media\/45964"}],"wp:attachment":[{"href":"https:\/\/revistazetta.com\/index.php?rest_route=%2Fwp%2Fv2%2Fmedia&parent=45963"}],"wp:term":[{"taxonomy":"category","embeddable":true,"href":"https:\/\/revistazetta.com\/index.php?rest_route=%2Fwp%2Fv2%2Fcategories&post=45963"},{"taxonomy":"post_tag","embeddable":true,"href":"https:\/\/revistazetta.com\/index.php?rest_route=%2Fwp%2Fv2%2Ftags&post=45963"}],"curies":[{"name":"wp","href":"https:\/\/api.w.org\/{rel}","templated":true}]}}