{"id":46256,"date":"2022-06-21T09:44:35","date_gmt":"2022-06-21T14:44:35","guid":{"rendered":"https:\/\/revistazetta.com\/?p=46256"},"modified":"2022-06-21T09:45:41","modified_gmt":"2022-06-21T14:45:41","slug":"unibac-realizara-audiencia-de-rendicion-de-cuentas-vigencia-2021","status":"publish","type":"post","link":"https:\/\/revistazetta.com\/?p=46256","title":{"rendered":"Unibac realizar\u00e1 audiencia de rendici\u00f3n de cuentas vigencia 2021"},"content":{"rendered":"<p><strong>Cartagena de Indias, 21 de junio de 2022.<\/strong> La Instituci\u00f3n Universitaria Bellas Artes y Ciencias de Bol\u00edvar (Unibac) realizar\u00e1 el martes 28 de junio de 2022 su Audiencia P\u00fablica de Rendici\u00f3n de Cuentas correspondiente a la vigencia 2021.<\/p>\n<p>&nbsp;<\/p>\n<p>Este ejercicio de transparencia y gesti\u00f3n por resultados tendr\u00e1 lugar en el emblem\u00e1tico sal\u00f3n Pierre Daguet, del Complejo Universitario Unibac y ser\u00e1 transmitido v\u00eda streaming por <a href=\"https:\/\/web.facebook.com\/unibacbolivarcalidadquetrasciende\" data-saferedirecturl=\"https:\/\/www.google.com\/url?q=https:\/\/web.facebook.com\/unibacbolivarcalidadquetrasciende&amp;source=gmail&amp;ust=1655891975640000&amp;usg=AOvVaw0zQuat5Pz8cP1_Ai0BN3O9\" target=\"_blank\" rel=\"noopener\">Facebook Live en la fan page de la Instituci\u00f3n.<\/a><\/p>\n<p>&nbsp;<\/p>\n<p>Las personas naturales o jur\u00eddicas, p\u00fablicas o privadas, entes gubernamentales y dem\u00e1s organizaciones civiles interesadas en presentar preguntas o propuestas, deben diligenciar los respectivos formatos en el link <a href=\"https:\/\/www.unibac.edu.co\/rendicion-de-cuentas\" data-saferedirecturl=\"https:\/\/www.google.com\/url?q=https:\/\/www.unibac.edu.co\/rendicion-de-cuentas&amp;source=gmail&amp;ust=1655891975640000&amp;usg=AOvVaw3WLLzmq6lxvF2wEq7G1bxU\" target=\"_blank\" rel=\"noopener\">https:\/\/www.unibac.edu.co\/rendicion-de-cuentas<\/a> y enviarlos al correo electr\u00f3nico <a href=\"mailto:rendicion@unibac.edu.co\">rendicion@unibac.edu.co<\/a> a la direcci\u00f3n: barrio San Diego, Cr 9 No. 39-12, antes de este viernes 24 de junio de 2022.<\/p>\n<p>&nbsp;<\/p>\n<p>La Audiencia P\u00fablica de Rendici\u00f3n de Cuentas es un mecanismo de participaci\u00f3n que tiene como prop\u00f3sito generar confianza y credibilidad entre las entidades p\u00fablicas y la ciudadan\u00eda. Es un espacio que garantiza el control social a la administraci\u00f3n p\u00fablica y ofrece herramientas para fortalecer la ejecuci\u00f3n de proyectos y planes institucionales.<\/p>\n<p>&nbsp;<\/p>\n","protected":false},"excerpt":{"rendered":"<p>Cartagena de Indias, 21 de junio de 2022. La Instituci\u00f3n Universitaria Bellas Artes y Ciencias de Bol\u00edvar (Unibac) realizar\u00e1 el martes 28 de junio de 2022 su Audiencia P\u00fablica de Rendici\u00f3n de Cuentas correspondiente a la vigencia 2021. &nbsp; Este ejercicio de transparencia y gesti\u00f3n por resultados tendr\u00e1 lugar en el emblem\u00e1tico sal\u00f3n Pierre Daguet, del Complejo Universitario Unibac y ser\u00e1 transmitido v\u00eda streaming por Facebook Live en la fan page de la Instituci\u00f3n. &nbsp; Las personas naturales o jur\u00eddicas, p\u00fablicas o privadas, entes gubernamentales y dem\u00e1s organizaciones civiles interesadas&#8230; <\/p>\n","protected":false},"author":3,"featured_media":46257,"comment_status":"closed","ping_status":"closed","sticky":false,"template":"","format":"standard","meta":{"footnotes":"","_links_to":"","_links_to_target":""},"categories":[3,51],"tags":[292,481,369,293],"class_list":["post-46256","post","type-post","status-publish","format-standard","has-post-thumbnail","hentry","category-ciudad","category-universidad","tag-ciudad","tag-rendicion-de-cuentas","tag-unibac","tag-universidad"],"_links":{"self":[{"href":"https:\/\/revistazetta.com\/index.php?rest_route=\/wp\/v2\/posts\/46256","targetHints":{"allow":["GET"]}}],"collection":[{"href":"https:\/\/revistazetta.com\/index.php?rest_route=\/wp\/v2\/posts"}],"about":[{"href":"https:\/\/revistazetta.com\/index.php?rest_route=\/wp\/v2\/types\/post"}],"author":[{"embeddable":true,"href":"https:\/\/revistazetta.com\/index.php?rest_route=\/wp\/v2\/users\/3"}],"replies":[{"embeddable":true,"href":"https:\/\/revistazetta.com\/index.php?rest_route=%2Fwp%2Fv2%2Fcomments&post=46256"}],"version-history":[{"count":0,"href":"https:\/\/revistazetta.com\/index.php?rest_route=\/wp\/v2\/posts\/46256\/revisions"}],"wp:featuredmedia":[{"embeddable":true,"href":"https:\/\/revistazetta.com\/index.php?rest_route=\/wp\/v2\/media\/46257"}],"wp:attachment":[{"href":"https:\/\/revistazetta.com\/index.php?rest_route=%2Fwp%2Fv2%2Fmedia&parent=46256"}],"wp:term":[{"taxonomy":"category","embeddable":true,"href":"https:\/\/revistazetta.com\/index.php?rest_route=%2Fwp%2Fv2%2Fcategories&post=46256"},{"taxonomy":"post_tag","embeddable":true,"href":"https:\/\/revistazetta.com\/index.php?rest_route=%2Fwp%2Fv2%2Ftags&post=46256"}],"curies":[{"name":"wp","href":"https:\/\/api.w.org\/{rel}","templated":true}]}}