{"id":46258,"date":"2022-06-21T10:11:38","date_gmt":"2022-06-21T15:11:38","guid":{"rendered":"https:\/\/revistazetta.com\/?p=46258"},"modified":"2022-06-21T10:11:38","modified_gmt":"2022-06-21T15:11:38","slug":"yo-paso-gossain","status":"publish","type":"post","link":"https:\/\/revistazetta.com\/?p=46258","title":{"rendered":"\u00abYo paso\u00bb: Gossa\u00edn"},"content":{"rendered":"<blockquote><p><span style=\"color: #000080;\"><strong>Trinos cruzados entre exgobernadores sobre hipot\u00e9ticas candidaturas a la Alcald\u00eda de Cartagena<\/strong><\/span><\/p><\/blockquote>\n<p><strong>Cartagena de Indias, 21 de junio de 2022.-<\/strong> Fue una simple pregunta formulada por un periodista desde su cuenta de Twitter, pero sorprendieron las respuestas en hilo de dos de los aludidos.<\/p>\n<p>El periodista Juan Mart\u00edn S\u00e1nchez plante\u00f3 lo siguiente:<\/p>\n<p><img loading=\"lazy\" decoding=\"async\" class=\"alignnone size-medium wp-image-46259\" src=\"https:\/\/revistazetta.com\/wp-content\/uploads\/2022\/06\/IMG_9230-400x357.jpg\" alt=\"\" width=\"400\" height=\"357\" srcset=\"https:\/\/revistazetta.com\/wp-content\/uploads\/2022\/06\/IMG_9230-400x357.jpg 400w, https:\/\/revistazetta.com\/wp-content\/uploads\/2022\/06\/IMG_9230-1024x915.jpg 1024w, https:\/\/revistazetta.com\/wp-content\/uploads\/2022\/06\/IMG_9230.jpg 1125w\" sizes=\"auto, (max-width: 400px) 100vw, 400px\" \/><\/p>\n<p>Uno de los etiquetados en el interrogante fue el exgobernador Dumek Turbay, de quien se especula sobre una eventual aspiraci\u00f3n a la Alcald\u00eda de Cartagena. En su respuesta involucr\u00f3 a otro exgobernador, Juan Carlos Gossa\u00edn, su antecesor.<\/p>\n<p><img loading=\"lazy\" decoding=\"async\" class=\"alignnone size-medium wp-image-46260\" src=\"https:\/\/revistazetta.com\/wp-content\/uploads\/2022\/06\/IMG_9231-400x328.jpg\" alt=\"\" width=\"400\" height=\"328\" srcset=\"https:\/\/revistazetta.com\/wp-content\/uploads\/2022\/06\/IMG_9231-400x328.jpg 400w, https:\/\/revistazetta.com\/wp-content\/uploads\/2022\/06\/IMG_9231-1024x840.jpg 1024w, https:\/\/revistazetta.com\/wp-content\/uploads\/2022\/06\/IMG_9231.jpg 1125w\" sizes=\"auto, (max-width: 400px) 100vw, 400px\" \/><\/p>\n<p>Aludido, Gossa\u00edn tambi\u00e9n particip\u00f3 en el hilo, y trin\u00f3 as\u00ed:<\/p>\n<p><img loading=\"lazy\" decoding=\"async\" class=\"alignnone size-medium wp-image-46261\" src=\"https:\/\/revistazetta.com\/wp-content\/uploads\/2022\/06\/IMG_9232-400x216.jpg\" alt=\"\" width=\"400\" height=\"216\" srcset=\"https:\/\/revistazetta.com\/wp-content\/uploads\/2022\/06\/IMG_9232-400x216.jpg 400w, https:\/\/revistazetta.com\/wp-content\/uploads\/2022\/06\/IMG_9232-1024x553.jpg 1024w, https:\/\/revistazetta.com\/wp-content\/uploads\/2022\/06\/IMG_9232.jpg 1125w\" sizes=\"auto, (max-width: 400px) 100vw, 400px\" \/><\/p>\n","protected":false},"excerpt":{"rendered":"<p>Trinos cruzados entre exgobernadores sobre hipot\u00e9ticas candidaturas a la Alcald\u00eda de Cartagena Cartagena de Indias, 21 de junio de 2022.- Fue una simple pregunta formulada por un periodista desde su cuenta de Twitter, pero sorprendieron las respuestas en hilo de dos de los aludidos. El periodista Juan Mart\u00edn S\u00e1nchez plante\u00f3 lo siguiente: Uno de los etiquetados en el interrogante fue el exgobernador Dumek Turbay, de quien se especula sobre una eventual aspiraci\u00f3n a la Alcald\u00eda de Cartagena. En su respuesta involucr\u00f3 a otro exgobernador, Juan Carlos Gossa\u00edn, su antecesor. Aludido,&#8230; <\/p>\n","protected":false},"author":3,"featured_media":46262,"comment_status":"closed","ping_status":"closed","sticky":false,"template":"","format":"standard","meta":{"footnotes":"","_links_to":"","_links_to_target":""},"categories":[26,4],"tags":[274,74,212,298],"class_list":["post-46258","post","type-post","status-publish","format-standard","has-post-thumbnail","hentry","category-politica-noticias","category-politica","tag-alcaldia-de-cartagena","tag-dumek-turbay","tag-juan-carlos-gossain","tag-politica"],"_links":{"self":[{"href":"https:\/\/revistazetta.com\/index.php?rest_route=\/wp\/v2\/posts\/46258","targetHints":{"allow":["GET"]}}],"collection":[{"href":"https:\/\/revistazetta.com\/index.php?rest_route=\/wp\/v2\/posts"}],"about":[{"href":"https:\/\/revistazetta.com\/index.php?rest_route=\/wp\/v2\/types\/post"}],"author":[{"embeddable":true,"href":"https:\/\/revistazetta.com\/index.php?rest_route=\/wp\/v2\/users\/3"}],"replies":[{"embeddable":true,"href":"https:\/\/revistazetta.com\/index.php?rest_route=%2Fwp%2Fv2%2Fcomments&post=46258"}],"version-history":[{"count":0,"href":"https:\/\/revistazetta.com\/index.php?rest_route=\/wp\/v2\/posts\/46258\/revisions"}],"wp:featuredmedia":[{"embeddable":true,"href":"https:\/\/revistazetta.com\/index.php?rest_route=\/wp\/v2\/media\/46262"}],"wp:attachment":[{"href":"https:\/\/revistazetta.com\/index.php?rest_route=%2Fwp%2Fv2%2Fmedia&parent=46258"}],"wp:term":[{"taxonomy":"category","embeddable":true,"href":"https:\/\/revistazetta.com\/index.php?rest_route=%2Fwp%2Fv2%2Fcategories&post=46258"},{"taxonomy":"post_tag","embeddable":true,"href":"https:\/\/revistazetta.com\/index.php?rest_route=%2Fwp%2Fv2%2Ftags&post=46258"}],"curies":[{"name":"wp","href":"https:\/\/api.w.org\/{rel}","templated":true}]}}