{"id":46263,"date":"2022-06-21T14:49:05","date_gmt":"2022-06-21T19:49:05","guid":{"rendered":"https:\/\/revistazetta.com\/?p=46263"},"modified":"2022-06-21T14:49:05","modified_gmt":"2022-06-21T19:49:05","slug":"concejo-inicia-de-cero-nuevo-proceso-para-elegir-contralor-distrital","status":"publish","type":"post","link":"https:\/\/revistazetta.com\/?p=46263","title":{"rendered":"Concejo inicia de cero nuevo proceso para elegir Contralor Distrital"},"content":{"rendered":"<p><strong>Cartagena de Indias, 21 de junio de 2022.-<\/strong> El Concejo Distrital de Cartagena elegir\u00e1 contralor distrital este a\u00f1o, y para cumplir ese objetivo decidi\u00f3 partir de cero nuevamente y abrir un proceso blindado con todas las garant\u00edas.<\/p>\n<p>La presidenta Gloria Estrada confirm\u00f3 que fue finalizado y liquidado el contrato con la Corporaci\u00f3n Universitaria de la Costa -CUC- como entidad acad\u00e9mica responsable del proceso, y anticip\u00f3 que se abre un nuevo proceso contractual.<\/p>\n<p>Indic\u00f3 que en menos de dos semanas esperan tener un nuevo contratista que se encargue de adelantar el proceso de convocatoria p\u00fablica con toda rigurosidad, y que el objetivo es que la elecci\u00f3n de un funcionario en propiedad se efect\u00fae en las pr\u00f3ximas sesiones ordinarias.<\/p>\n<p>El Concejo emiti\u00f3 este comunicado:<\/p>\n<p><img loading=\"lazy\" decoding=\"async\" class=\"alignnone wp-image-46264 size-large\" src=\"https:\/\/revistazetta.com\/wp-content\/uploads\/2022\/06\/289235339_138774758763718_2653314808735844449_n-1024x886.jpg\" alt=\"\" width=\"740\" height=\"640\" srcset=\"https:\/\/revistazetta.com\/wp-content\/uploads\/2022\/06\/289235339_138774758763718_2653314808735844449_n-1024x886.jpg 1024w, https:\/\/revistazetta.com\/wp-content\/uploads\/2022\/06\/289235339_138774758763718_2653314808735844449_n-400x346.jpg 400w, https:\/\/revistazetta.com\/wp-content\/uploads\/2022\/06\/289235339_138774758763718_2653314808735844449_n.jpg 1080w\" sizes=\"auto, (max-width: 740px) 100vw, 740px\" \/><\/p>\n","protected":false},"excerpt":{"rendered":"<p>Cartagena de Indias, 21 de junio de 2022.- El Concejo Distrital de Cartagena elegir\u00e1 contralor distrital este a\u00f1o, y para cumplir ese objetivo decidi\u00f3 partir de cero nuevamente y abrir un proceso blindado con todas las garant\u00edas. La presidenta Gloria Estrada confirm\u00f3 que fue finalizado y liquidado el contrato con la Corporaci\u00f3n Universitaria de la Costa -CUC- como entidad acad\u00e9mica responsable del proceso, y anticip\u00f3 que se abre un nuevo proceso contractual. Indic\u00f3 que en menos de dos semanas esperan tener un nuevo contratista que se encargue de adelantar el&#8230; <\/p>\n","protected":false},"author":3,"featured_media":46265,"comment_status":"closed","ping_status":"closed","sticky":false,"template":"","format":"standard","meta":{"footnotes":"","_links_to":"","_links_to_target":""},"categories":[27,4],"tags":[143,298],"class_list":["post-46263","post","type-post","status-publish","format-standard","has-post-thumbnail","hentry","category-politicaconcejo","category-politica","tag-concejo","tag-politica"],"_links":{"self":[{"href":"https:\/\/revistazetta.com\/index.php?rest_route=\/wp\/v2\/posts\/46263","targetHints":{"allow":["GET"]}}],"collection":[{"href":"https:\/\/revistazetta.com\/index.php?rest_route=\/wp\/v2\/posts"}],"about":[{"href":"https:\/\/revistazetta.com\/index.php?rest_route=\/wp\/v2\/types\/post"}],"author":[{"embeddable":true,"href":"https:\/\/revistazetta.com\/index.php?rest_route=\/wp\/v2\/users\/3"}],"replies":[{"embeddable":true,"href":"https:\/\/revistazetta.com\/index.php?rest_route=%2Fwp%2Fv2%2Fcomments&post=46263"}],"version-history":[{"count":0,"href":"https:\/\/revistazetta.com\/index.php?rest_route=\/wp\/v2\/posts\/46263\/revisions"}],"wp:featuredmedia":[{"embeddable":true,"href":"https:\/\/revistazetta.com\/index.php?rest_route=\/wp\/v2\/media\/46265"}],"wp:attachment":[{"href":"https:\/\/revistazetta.com\/index.php?rest_route=%2Fwp%2Fv2%2Fmedia&parent=46263"}],"wp:term":[{"taxonomy":"category","embeddable":true,"href":"https:\/\/revistazetta.com\/index.php?rest_route=%2Fwp%2Fv2%2Fcategories&post=46263"},{"taxonomy":"post_tag","embeddable":true,"href":"https:\/\/revistazetta.com\/index.php?rest_route=%2Fwp%2Fv2%2Ftags&post=46263"}],"curies":[{"name":"wp","href":"https:\/\/api.w.org\/{rel}","templated":true}]}}