{"id":46266,"date":"2022-06-23T08:14:23","date_gmt":"2022-06-23T13:14:23","guid":{"rendered":"https:\/\/revistazetta.com\/?p=46266"},"modified":"2022-06-23T08:16:11","modified_gmt":"2022-06-23T13:16:11","slug":"ojo-este-domingo-cierre-en-la-via-al-mar-por-gran-fondo-cartagena","status":"publish","type":"post","link":"https:\/\/revistazetta.com\/?p=46266","title":{"rendered":"Ojo este domingo: cierre en la V\u00eda al Mar por Gran Fondo Cartagena"},"content":{"rendered":"<blockquote><p><span style=\"color: #000080;\"><em><strong>Este domingo 26 de junio, entre las 5:00 a.m. y las 11:00 a.m., estar\u00e1 cerrada la V\u00eda al Mar entre el Anillo vial de Crespo en Cartagena y Lomita Arena, por motivo del evento deportivo Gran Fondo Cartagena.<\/strong><\/em><\/span><\/p><\/blockquote>\n<p>Cartagena de Indias, 13 de junio de 2022.- Este domingo 26 de junio se celebra el Gran Fondo Cartagena, prueba deportiva que congrega a cientos de entusiastas del ciclismo, y que requiere un control vial para su realizaci\u00f3n.<\/p>\n<p>En ese sentido, las autoridades y la organizaci\u00f3n han venido socializando el cierre que se har\u00e1 este domingo, para que las personas que utilizan esa v\u00eda, sepan qu\u00e9 alternativas pueden tomar.<\/p>\n<p>La restricci\u00f3n entre\u00a0V\u00eda al Mar &#8211; Ruta Nacional 90A01 ser\u00e1 as\u00ed: Cierre de la V\u00eda al Mar sobre la calzada en sentido Cartagena \u2013 Barranquilla entre el PR0 Anillo vial de Crespo en Cartagena y el PR16 y Cierre total entre el PR16 donde inicia la calzada sencilla y el PR 47 Lomita Arena.<\/p>\n<p>Sobre el evento: Esta es la 5ta versi\u00f3n del Gran Fondo Cartagena, en total ser\u00e1n 102 km de recorrido en bicicleta, que inician en el centro hist\u00f3rico de la ciudad, pasando por el T\u00fanel de Crespo, disfrutando la vista en el Viaducto el Gran Manglar y retornando en el sector de Lomita Arena.<\/p>\n<p><img loading=\"lazy\" decoding=\"async\" class=\"alignnone wp-image-46269 size-large\" src=\"https:\/\/revistazetta.com\/wp-content\/uploads\/2022\/06\/Captura-de-Pantalla-2022-06-23-a-las-8.13.10-a.m.-666x1024.png\" alt=\"\" width=\"666\" height=\"1024\" srcset=\"https:\/\/revistazetta.com\/wp-content\/uploads\/2022\/06\/Captura-de-Pantalla-2022-06-23-a-las-8.13.10-a.m.-666x1024.png 666w, https:\/\/revistazetta.com\/wp-content\/uploads\/2022\/06\/Captura-de-Pantalla-2022-06-23-a-las-8.13.10-a.m.-260x400.png 260w, https:\/\/revistazetta.com\/wp-content\/uploads\/2022\/06\/Captura-de-Pantalla-2022-06-23-a-las-8.13.10-a.m..png 706w\" sizes=\"auto, (max-width: 666px) 100vw, 666px\" \/><\/p>\n<p><strong>Rutas alternas: <\/strong><br \/>\nLos usuarios que se desplacen en sentido Cartagena-Barranquilla deber\u00e1n tomar la Cordialidad.<\/p>\n<p>Los usuarios que se desplacen en sentido Barranquilla-Cartagena podr\u00e1n usar la V\u00eda al Mar y a la altura de Lomita Arena tomar el desv\u00edo para continuar su recorrido por la Cordialidad.<\/p>\n<p>Para el acceso a la zona norte y el Aeropuerto de Cartagena se tendr\u00e1n pasos controlados con el apoyo de la Polic\u00eda de Tr\u00e1nsito y Transporte.<\/p>\n<p>Teniendo en cuenta lo anterior, se recomienda programar sus viajes con anticipaci\u00f3n para evitar atrasos, tomar v\u00edas alternas si lo considera y atender las recomendaciones de las Autoridades de Tr\u00e1nsito.<\/p>\n<p>Se recuerda a los usuarios las l\u00edneas de atenci\u00f3n a emergencias 018000977330 y 3114803629 que dispone Ruta Costera las 24 horas del d\u00eda, donde podr\u00e1n reportar cualquier novedad sobre la v\u00eda o acceder a los servicios de auxilio mec\u00e1nico, gr\u00faa y ambulancia.<\/p>\n<p><img loading=\"lazy\" decoding=\"async\" class=\"alignnone wp-image-46267 size-large\" src=\"https:\/\/revistazetta.com\/wp-content\/uploads\/2022\/06\/Captura-de-Pantalla-2022-06-23-a-las-8.06.23-a.m.-820x1024.png\" alt=\"\" width=\"740\" height=\"924\" srcset=\"https:\/\/revistazetta.com\/wp-content\/uploads\/2022\/06\/Captura-de-Pantalla-2022-06-23-a-las-8.06.23-a.m.-820x1024.png 820w, https:\/\/revistazetta.com\/wp-content\/uploads\/2022\/06\/Captura-de-Pantalla-2022-06-23-a-las-8.06.23-a.m.-320x400.png 320w, https:\/\/revistazetta.com\/wp-content\/uploads\/2022\/06\/Captura-de-Pantalla-2022-06-23-a-las-8.06.23-a.m..png 1002w\" sizes=\"auto, (max-width: 740px) 100vw, 740px\" \/><\/p>\n","protected":false},"excerpt":{"rendered":"<p>Este domingo 26 de junio, entre las 5:00 a.m. y las 11:00 a.m., estar\u00e1 cerrada la V\u00eda al Mar entre el Anillo vial de Crespo en Cartagena y Lomita Arena, por motivo del evento deportivo Gran Fondo Cartagena. Cartagena de Indias, 13 de junio de 2022.- Este domingo 26 de junio se celebra el Gran Fondo Cartagena, prueba deportiva que congrega a cientos de entusiastas del ciclismo, y que requiere un control vial para su realizaci\u00f3n. En ese sentido, las autoridades y la organizaci\u00f3n han venido socializando el cierre que&#8230; <\/p>\n","protected":false},"author":3,"featured_media":46268,"comment_status":"closed","ping_status":"closed","sticky":false,"template":"","format":"standard","meta":{"footnotes":"","_links_to":"","_links_to_target":""},"categories":[341,53],"tags":[342,967,308,285,966],"class_list":["post-46266","post","type-post","status-publish","format-standard","has-post-thumbnail","hentry","category-ciclismo","category-deportes","tag-ciclismo","tag-cierre-via-al-mar","tag-deportes","tag-destacada","tag-gran-fondo-cartagena"],"_links":{"self":[{"href":"https:\/\/revistazetta.com\/index.php?rest_route=\/wp\/v2\/posts\/46266","targetHints":{"allow":["GET"]}}],"collection":[{"href":"https:\/\/revistazetta.com\/index.php?rest_route=\/wp\/v2\/posts"}],"about":[{"href":"https:\/\/revistazetta.com\/index.php?rest_route=\/wp\/v2\/types\/post"}],"author":[{"embeddable":true,"href":"https:\/\/revistazetta.com\/index.php?rest_route=\/wp\/v2\/users\/3"}],"replies":[{"embeddable":true,"href":"https:\/\/revistazetta.com\/index.php?rest_route=%2Fwp%2Fv2%2Fcomments&post=46266"}],"version-history":[{"count":0,"href":"https:\/\/revistazetta.com\/index.php?rest_route=\/wp\/v2\/posts\/46266\/revisions"}],"wp:featuredmedia":[{"embeddable":true,"href":"https:\/\/revistazetta.com\/index.php?rest_route=\/wp\/v2\/media\/46268"}],"wp:attachment":[{"href":"https:\/\/revistazetta.com\/index.php?rest_route=%2Fwp%2Fv2%2Fmedia&parent=46266"}],"wp:term":[{"taxonomy":"category","embeddable":true,"href":"https:\/\/revistazetta.com\/index.php?rest_route=%2Fwp%2Fv2%2Fcategories&post=46266"},{"taxonomy":"post_tag","embeddable":true,"href":"https:\/\/revistazetta.com\/index.php?rest_route=%2Fwp%2Fv2%2Ftags&post=46266"}],"curies":[{"name":"wp","href":"https:\/\/api.w.org\/{rel}","templated":true}]}}