{"id":46332,"date":"2022-06-30T09:28:39","date_gmt":"2022-06-30T14:28:39","guid":{"rendered":"https:\/\/revistazetta.com\/?p=46332"},"modified":"2022-06-30T09:28:39","modified_gmt":"2022-06-30T14:28:39","slug":"llegaron-las-bandas-y-se-formo-la-fiesta-inicia-el-45o-festival-nacional-del-porro-en-san-pelayo","status":"publish","type":"post","link":"https:\/\/revistazetta.com\/?p=46332","title":{"rendered":"Llegaron las bandas y se form\u00f3 la fiesta: inicia el 45\u00ba Festival Nacional del Porro en San Pelayo"},"content":{"rendered":"<p><strong>San Pelayo, C\u00f3rdoba, 30 de junio de 2022.-<\/strong> El cabalgar de cientos de jinetes y sus caballos dieron la apertura de la edici\u00f3n 45 del Festival Nacional del Porro en San Pelayo, C\u00f3rdoba, que este a\u00f1o regresa a su tradicional formato presencial luego de la pandemia.<\/p>\n<p>Trompetas, clarinetes y bombardinos sonar\u00e1n a partir de este jueves 30 de junio hasta el domingo 3 de julio, y las principales actividades est\u00e1n previstas en el complejo cultural nacional e internacional del porro \u00abMar\u00eda Varilla\u00bb.<\/p>\n<p><img loading=\"lazy\" decoding=\"async\" class=\"alignnone size-medium wp-image-46340\" src=\"https:\/\/revistazetta.com\/wp-content\/uploads\/2022\/06\/Porro-8-400x226.jpeg\" alt=\"\" width=\"400\" height=\"226\" srcset=\"https:\/\/revistazetta.com\/wp-content\/uploads\/2022\/06\/Porro-8-400x226.jpeg 400w, https:\/\/revistazetta.com\/wp-content\/uploads\/2022\/06\/Porro-8-1024x577.jpeg 1024w, https:\/\/revistazetta.com\/wp-content\/uploads\/2022\/06\/Porro-8.jpeg 1082w\" sizes=\"auto, (max-width: 400px) 100vw, 400px\" \/><\/p>\n<p>Este a\u00f1o la versi\u00f3n del evento se llamar\u00e1 El\u00edas Bechara Zainum, como reconocimiento al gran aporte cultural y acad\u00e9mico que hizo el fundador de la Universidad de C\u00f3rdoba y de la Universidad del Sin\u00fa, al departamento y al municipio de San Pelayo. De igual forma habr\u00e1 un homenaje especial al m\u00fasico Rafael Eduardo S\u00e1enz Vidal, quien ha dedicado toda su vida a promover y difundir este folclor. Se trata del bombardinista de la Banda 19 de Marzo de Laguneta, m\u00e1s conocido como el \u201cBombardino de Oro\u201d.<\/p>\n<p>La representaci\u00f3n del departamento de Bol\u00edvar estar\u00e1 a cargo de la banda \u00abArmon\u00edas de Bol\u00edvar\u00bb, que lleva una d\u00e9cada de labores, con varios primeros lugares en distintos festivales, bajo la direcci\u00f3n del maestro Jorge Otero Manchego.<\/p>\n<p><img loading=\"lazy\" decoding=\"async\" class=\"alignnone wp-image-46334 size-large\" src=\"https:\/\/revistazetta.com\/wp-content\/uploads\/2022\/06\/Porro-2-1024x1024.jpeg\" alt=\"\" width=\"740\" height=\"740\" srcset=\"https:\/\/revistazetta.com\/wp-content\/uploads\/2022\/06\/Porro-2-1024x1024.jpeg 1024w, https:\/\/revistazetta.com\/wp-content\/uploads\/2022\/06\/Porro-2-400x400.jpeg 400w, https:\/\/revistazetta.com\/wp-content\/uploads\/2022\/06\/Porro-2-300x300.jpeg 300w, https:\/\/revistazetta.com\/wp-content\/uploads\/2022\/06\/Porro-2-80x80.jpeg 80w, https:\/\/revistazetta.com\/wp-content\/uploads\/2022\/06\/Porro-2.jpeg 1440w\" sizes=\"auto, (max-width: 740px) 100vw, 740px\" \/><\/p>\n<p><img loading=\"lazy\" decoding=\"async\" class=\"alignnone size-medium wp-image-46341\" src=\"https:\/\/revistazetta.com\/wp-content\/uploads\/2022\/06\/Porro-9-400x226.jpeg\" alt=\"\" width=\"400\" height=\"226\" srcset=\"https:\/\/revistazetta.com\/wp-content\/uploads\/2022\/06\/Porro-9-400x226.jpeg 400w, https:\/\/revistazetta.com\/wp-content\/uploads\/2022\/06\/Porro-9-1024x577.jpeg 1024w, https:\/\/revistazetta.com\/wp-content\/uploads\/2022\/06\/Porro-9.jpeg 1082w\" sizes=\"auto, (max-width: 400px) 100vw, 400px\" \/><\/p>\n<p><img loading=\"lazy\" decoding=\"async\" class=\"alignnone wp-image-46335 size-large\" src=\"https:\/\/revistazetta.com\/wp-content\/uploads\/2022\/06\/Porro-3-1024x1024.jpeg\" alt=\"\" width=\"740\" height=\"740\" srcset=\"https:\/\/revistazetta.com\/wp-content\/uploads\/2022\/06\/Porro-3-1024x1024.jpeg 1024w, https:\/\/revistazetta.com\/wp-content\/uploads\/2022\/06\/Porro-3-400x400.jpeg 400w, https:\/\/revistazetta.com\/wp-content\/uploads\/2022\/06\/Porro-3-300x300.jpeg 300w, https:\/\/revistazetta.com\/wp-content\/uploads\/2022\/06\/Porro-3-80x80.jpeg 80w, https:\/\/revistazetta.com\/wp-content\/uploads\/2022\/06\/Porro-3.jpeg 1440w\" sizes=\"auto, (max-width: 740px) 100vw, 740px\" \/><\/p>\n<p><img loading=\"lazy\" decoding=\"async\" class=\"alignnone size-medium wp-image-46342\" src=\"https:\/\/revistazetta.com\/wp-content\/uploads\/2022\/06\/Porro-10-400x225.jpeg\" alt=\"\" width=\"400\" height=\"225\" srcset=\"https:\/\/revistazetta.com\/wp-content\/uploads\/2022\/06\/Porro-10-400x225.jpeg 400w, https:\/\/revistazetta.com\/wp-content\/uploads\/2022\/06\/Porro-10-1024x576.jpeg 1024w, https:\/\/revistazetta.com\/wp-content\/uploads\/2022\/06\/Porro-10.jpeg 1080w\" sizes=\"auto, (max-width: 400px) 100vw, 400px\" \/><\/p>\n<p><img loading=\"lazy\" decoding=\"async\" class=\"alignnone wp-image-46336 size-large\" src=\"https:\/\/revistazetta.com\/wp-content\/uploads\/2022\/06\/Porro-4-1024x1024.jpeg\" alt=\"\" width=\"740\" height=\"740\" srcset=\"https:\/\/revistazetta.com\/wp-content\/uploads\/2022\/06\/Porro-4-1024x1024.jpeg 1024w, https:\/\/revistazetta.com\/wp-content\/uploads\/2022\/06\/Porro-4-400x400.jpeg 400w, https:\/\/revistazetta.com\/wp-content\/uploads\/2022\/06\/Porro-4-300x300.jpeg 300w, https:\/\/revistazetta.com\/wp-content\/uploads\/2022\/06\/Porro-4-80x80.jpeg 80w, https:\/\/revistazetta.com\/wp-content\/uploads\/2022\/06\/Porro-4.jpeg 1440w\" sizes=\"auto, (max-width: 740px) 100vw, 740px\" \/><\/p>\n<p><img loading=\"lazy\" decoding=\"async\" class=\"alignnone wp-image-46337 size-large\" src=\"https:\/\/revistazetta.com\/wp-content\/uploads\/2022\/06\/Porro-5-1024x1024.jpeg\" alt=\"\" width=\"740\" height=\"740\" srcset=\"https:\/\/revistazetta.com\/wp-content\/uploads\/2022\/06\/Porro-5-1024x1024.jpeg 1024w, https:\/\/revistazetta.com\/wp-content\/uploads\/2022\/06\/Porro-5-400x400.jpeg 400w, https:\/\/revistazetta.com\/wp-content\/uploads\/2022\/06\/Porro-5-300x300.jpeg 300w, https:\/\/revistazetta.com\/wp-content\/uploads\/2022\/06\/Porro-5-80x80.jpeg 80w, https:\/\/revistazetta.com\/wp-content\/uploads\/2022\/06\/Porro-5.jpeg 1440w\" sizes=\"auto, (max-width: 740px) 100vw, 740px\" \/><\/p>\n<p>&nbsp;<\/p>\n<p>&nbsp;<\/p>\n<p>&nbsp;<\/p>\n","protected":false},"excerpt":{"rendered":"<p>San Pelayo, C\u00f3rdoba, 30 de junio de 2022.- El cabalgar de cientos de jinetes y sus caballos dieron la apertura de la edici\u00f3n 45 del Festival Nacional del Porro en San Pelayo, C\u00f3rdoba, que este a\u00f1o regresa a su tradicional formato presencial luego de la pandemia. Trompetas, clarinetes y bombardinos sonar\u00e1n a partir de este jueves 30 de junio hasta el domingo 3 de julio, y las principales actividades est\u00e1n previstas en el complejo cultural nacional e internacional del porro \u00abMar\u00eda Varilla\u00bb. Este a\u00f1o la versi\u00f3n del evento se llamar\u00e1&#8230; <\/p>\n","protected":false},"author":3,"featured_media":46343,"comment_status":"closed","ping_status":"closed","sticky":false,"template":"","format":"standard","meta":{"footnotes":"","_links_to":"","_links_to_target":""},"categories":[41,43],"tags":[986,290,985,304],"class_list":["post-46332","post","type-post","status-publish","format-standard","has-post-thumbnail","hentry","category-cultura","category-cultura-musica","tag-armonias-de-bolivar","tag-cultura","tag-festival-nacional-del-porro","tag-musica"],"_links":{"self":[{"href":"https:\/\/revistazetta.com\/index.php?rest_route=\/wp\/v2\/posts\/46332","targetHints":{"allow":["GET"]}}],"collection":[{"href":"https:\/\/revistazetta.com\/index.php?rest_route=\/wp\/v2\/posts"}],"about":[{"href":"https:\/\/revistazetta.com\/index.php?rest_route=\/wp\/v2\/types\/post"}],"author":[{"embeddable":true,"href":"https:\/\/revistazetta.com\/index.php?rest_route=\/wp\/v2\/users\/3"}],"replies":[{"embeddable":true,"href":"https:\/\/revistazetta.com\/index.php?rest_route=%2Fwp%2Fv2%2Fcomments&post=46332"}],"version-history":[{"count":0,"href":"https:\/\/revistazetta.com\/index.php?rest_route=\/wp\/v2\/posts\/46332\/revisions"}],"wp:featuredmedia":[{"embeddable":true,"href":"https:\/\/revistazetta.com\/index.php?rest_route=\/wp\/v2\/media\/46343"}],"wp:attachment":[{"href":"https:\/\/revistazetta.com\/index.php?rest_route=%2Fwp%2Fv2%2Fmedia&parent=46332"}],"wp:term":[{"taxonomy":"category","embeddable":true,"href":"https:\/\/revistazetta.com\/index.php?rest_route=%2Fwp%2Fv2%2Fcategories&post=46332"},{"taxonomy":"post_tag","embeddable":true,"href":"https:\/\/revistazetta.com\/index.php?rest_route=%2Fwp%2Fv2%2Ftags&post=46332"}],"curies":[{"name":"wp","href":"https:\/\/api.w.org\/{rel}","templated":true}]}}