{"id":46376,"date":"2022-07-03T08:46:08","date_gmt":"2022-07-03T13:46:08","guid":{"rendered":"https:\/\/revistazetta.com\/?p=46376"},"modified":"2022-07-03T08:46:08","modified_gmt":"2022-07-03T13:46:08","slug":"las-eps-en-colombia-armas-de-destruccion-masiva-opinion-de-alvaro-royo-desde-xiamen","status":"publish","type":"post","link":"https:\/\/revistazetta.com\/?p=46376","title":{"rendered":"Las EPS en Colombia, armas de\u00a0destrucci\u00f3n masiva &#8211; Opini\u00f3n de \u00c1lvaro Royo desde Xiamen"},"content":{"rendered":"<p><strong><span style=\"color: #000080;\">Por \u00c1lvaro Royo B\u00e1rcenas (Especial para Revista Zetta).-<\/span> <span style=\"color: #339966;\">(Xiamen &#8211; China).-<\/span> 3 de julio de 2022.-<\/strong>\u00a0Cuando te suceden una o dos veces las cosas puedes pensar que son casualidades, pero si te pasan 3, 4 y hasta 5 veces, y si a eso le sumas las historias que te cuentan personas allegadas que sabes que no te est\u00e1n mintiendo y les est\u00e1 sucediendo lo mismo, entonces ya no existe la menor duda de que no hay ninguna duda. Esto est\u00e1 sucediendo, y sucede porque as\u00ed se ha organizado y planificado de manera deliberada.<\/p>\n<p>Lo que voy a escribir a continuaci\u00f3n no es ning\u00fan secreto, es algo que los colombianos ya lo tienen asimilado, adem\u00e1s he visto muchos titulares que ya no lo son sobre el tema, y as\u00ed son las cosas, no les prestas mucha atenci\u00f3n hasta el d\u00eda que te toca vivirlas, esta es la experiencia de mi familia con la EPS SANITAS, pero sucede en casi todas.<span class=\"Apple-converted-space\">\u00a0<\/span><\/p>\n<p><b>Tienen excelentes instalaciones,<span class=\"Apple-converted-space\">\u00a0<\/span>el personal impecablemente vestido,<span class=\"Apple-converted-space\">\u00a0<\/span>tienen un trato bien educado con los clientes,<span class=\"Apple-converted-space\">\u00a0<\/span>el problema es cuando ese cliente se convierte en paciente,<span class=\"Apple-converted-space\">\u00a0<\/span>all\u00ed falla absolutamente todo. Unos cascarones bien presentados que al final son unas trampas que para lo \u00fanico que deber\u00edan servir, que es para cuidar la salud de sus<span class=\"Apple-converted-space\">\u00a0 <\/span>afiliados,<span class=\"Apple-converted-space\">\u00a0<\/span>y all\u00ed es donde est\u00e1n fallando,<span class=\"Apple-converted-space\">\u00a0<\/span>y lo que m\u00e1s da asco con estos se\u00f1ores es que esos entramados,<span class=\"Apple-converted-space\">\u00a0<\/span>esa mara\u00f1a de ventanillas,<span class=\"Apple-converted-space\">\u00a0<\/span>sellos,<span class=\"Apple-converted-space\">\u00a0<\/span>cartas,<span class=\"Apple-converted-space\">\u00a0<\/span>emails, quejas, abogados, tutelas,<span class=\"Apple-converted-space\">\u00a0<\/span>se cuentan en incapacidades de por vida y en p\u00e9rdidas de vidas humanas.<\/b><\/p>\n<p><img loading=\"lazy\" decoding=\"async\" class=\"alignnone size-medium wp-image-46378\" src=\"https:\/\/revistazetta.com\/wp-content\/uploads\/2022\/07\/1563033761_109985_1563033953_noticia_normal-400x231.jpg\" alt=\"\" width=\"400\" height=\"231\" srcset=\"https:\/\/revistazetta.com\/wp-content\/uploads\/2022\/07\/1563033761_109985_1563033953_noticia_normal-400x231.jpg 400w, https:\/\/revistazetta.com\/wp-content\/uploads\/2022\/07\/1563033761_109985_1563033953_noticia_normal-1024x593.jpg 1024w, https:\/\/revistazetta.com\/wp-content\/uploads\/2022\/07\/1563033761_109985_1563033953_noticia_normal.jpg 1080w\" sizes=\"auto, (max-width: 400px) 100vw, 400px\" \/><\/p>\n<p>Ellos lo saben y act\u00faan con conocimiento de causa,<span class=\"Apple-converted-space\">\u00a0 <\/span>porque esas instalaciones modernas confortables y bien logradas, pero que al mismo tiempo funcionan con<span class=\"Apple-converted-space\">\u00a0<\/span>sistemas de gesti\u00f3n de la Edad Media, no tienen absolutamente ninguna justificaci\u00f3n para<span class=\"Apple-converted-space\">\u00a0 <\/span>dilatar en el tiempo los procesos para que el paciente pase a ser una persona incapacitada o un cad\u00e1ver,<span class=\"Apple-converted-space\">\u00a0<\/span>fingen velar por nuestra salud pero solo velan por sus espantosos intereses.<\/p>\n<p>Estos problemas son de conocimiento p\u00fablico en Colombia y uno los lee en peri\u00f3dicos y redes sociales pero ya se volvi\u00f3 tan una costumbre que no pasamos del titular,<span class=\"Apple-converted-space\">\u00a0<\/span>pero cuando ya toca a tu familia,<span class=\"Apple-converted-space\">\u00a0 <\/span>una, dos, tres, cuatro y hasta 5 veces ya sabes que no puede ser coincidencias ni pueden ser hechos aislados. <span class=\"Apple-converted-space\">\u00a0<\/span><\/p>\n<p>Mi madre estuvo much\u00edsimos a\u00f1os pagando su salud y cuando fue diagnosticada con c\u00e1ncer no solamente le tocaba luchar contra la enfermedad,<span class=\"Apple-converted-space\">\u00a0<\/span>resistir quimioterapia, p\u00e9rdida de cabello, de peso, etc\u00e9tera, sino batallar con abogados para que SANITAS pudiera cumplir a punta de tutelas y dem\u00e1s herramientas legales para que estos se\u00f1ores pudieran darle sus medicamentos,<span class=\"Apple-converted-space\">\u00a0<\/span>mi madre falleci\u00f3 en el a\u00f1o 2015 y s\u00e9 que mereci\u00f3 m\u00e1s de parte de ellos, cuando pod\u00eda charlar con ella mostraba su amargura e impotencia con un sistema de salud que hace aguas por todos lados, esa entidad de salud le qued\u00f3 debiendo. <span class=\"Apple-converted-space\">\u00a0<\/span><\/p>\n<p>Luego con mi padre, aunque fueron otros problemas de salud, la tragedia de soportar la burla y las excusas<span class=\"Apple-converted-space\">\u00a0<\/span>diarias del mismo SANITAS casi que hab\u00eda que tener una persona dedicada de tiempo completo a gestionar el papeleo,<span class=\"Apple-converted-space\">\u00a0<\/span>ventanillas,<span class=\"Apple-converted-space\">\u00a0 <\/span>firmas,<span class=\"Apple-converted-space\">\u00a0<\/span>sellos,<span class=\"Apple-converted-space\">\u00a0 <\/span>abogados,<span class=\"Apple-converted-space\">\u00a0 <\/span>tutelas,<span class=\"Apple-converted-space\">\u00a0<\/span>visitas de funcionarios,<span class=\"Apple-converted-space\">\u00a0<\/span>trampas, etc\u00e9tera.<\/p>\n<p><img loading=\"lazy\" decoding=\"async\" class=\"alignnone size-medium wp-image-46379\" src=\"https:\/\/revistazetta.com\/wp-content\/uploads\/2022\/07\/pacientes_enfermos_protesta-400x310.jpg\" alt=\"\" width=\"400\" height=\"310\" srcset=\"https:\/\/revistazetta.com\/wp-content\/uploads\/2022\/07\/pacientes_enfermos_protesta-400x310.jpg 400w, https:\/\/revistazetta.com\/wp-content\/uploads\/2022\/07\/pacientes_enfermos_protesta.jpg 700w\" sizes=\"auto, (max-width: 400px) 100vw, 400px\" \/><\/p>\n<p>El desenlace fue igual, una entidad que en sus a\u00f1os productivos recib\u00eda el dinero de mis padres pero cuando ellos necesitaron de sus cuidados y el cliente se volvi\u00f3 paciente<span class=\"Apple-converted-space\">\u00a0<\/span>solo le hicieron pistolas. Mi padre falleci\u00f3 hace unos meses rog\u00e1ndoles a ellos por medicinas y atenci\u00f3n y nosotros familiares con el dolor de la p\u00e9rdida del padre pero con la amargura y cabreo con un sistema<span class=\"Apple-converted-space\">\u00a0 <\/span>de salud que tambi\u00e9n le qued\u00f3 debiendo. <span class=\"Apple-converted-space\">\u00a0<\/span><\/p>\n<p>Otro familiar es afiliado a SANITAS tambi\u00e9n, hace m\u00e1s de 60 d\u00edas viene luchando por citas ex\u00e1menes, ventanillas, llamadas, sellos, firmas para ser atendido, luego que lo remiten a Urgencias tiene que estar 20 horas en espera, en urgencias, por Dios, <span class=\"Apple-converted-space\">\u00a0 <\/span>por una bendita trasfusi\u00f3n de sangre, \u00a1\u00a1\u00a120 horas en urgencia!!!<\/p>\n<p>Luego, a la semana, el especialista le env\u00eda unos ex\u00e1menes con una empresa de nombre GASTROPACK y tiene 15 d\u00edas llamando a esta empresa y esta empresa le responde que no tienen AGENDA, \u00bfc\u00f3mo pueden estar los quebrantos de salud sujetos a una agenda? Una AGENDA programada mediocre e intencionalmente para que el paciente enferme a\u00fan m\u00e1s, o muera, cuando por fin tuvo agenda le dieron la cita en GASTROPACK para el 2 de agosto, casi 35 d\u00edas despu\u00e9s. \u00bfEs esto normal?<\/p>\n<p>Y ahora tenemos un familiar que necesita una operaci\u00f3n urgente para frenar un c\u00e1ncer localizado en el cuello y aunque el especialista dio el aviso que era de car\u00e1cter urgente ya llevan 60 d\u00edas en el mismo problema, 2 meses y el c\u00e1ncer avanzando, ventanillas, firmas, sellos, copias, autorizaci\u00f3n y por \u00faltimo agenda, la maldita agenda no hab\u00eda llegado ni aun con juez y tutela de por medio.<\/p>\n<p>Solo dilatan los procesos con las mismas t\u00e1cticas,<span class=\"Apple-converted-space\">\u00a0<\/span>claramente es pol\u00edtica de esas empresas,<span class=\"Apple-converted-space\">\u00a0<\/span>dejar pasar el tiempo para ganar dinero y se pierdan vidas.<\/p>\n<p><img loading=\"lazy\" decoding=\"async\" class=\"alignnone size-medium wp-image-46380\" src=\"https:\/\/revistazetta.com\/wp-content\/uploads\/2022\/07\/SENAL-DE-LUTO-400x181.jpg\" alt=\"\" width=\"400\" height=\"181\" srcset=\"https:\/\/revistazetta.com\/wp-content\/uploads\/2022\/07\/SENAL-DE-LUTO-400x181.jpg 400w, https:\/\/revistazetta.com\/wp-content\/uploads\/2022\/07\/SENAL-DE-LUTO.jpg 1000w\" sizes=\"auto, (max-width: 400px) 100vw, 400px\" \/><\/p>\n<p><b>\u00bfY SUPERSALUD? Bien gracias, en cada uno de los dolorosos casos que he mencionado anteriormente se han enviado correos de quejas y las respuestas palabras m\u00e1s o menos han sido las mismas, hemos remitido su caso a la entidad en menci\u00f3n.<span class=\"Apple-converted-space\">\u00a0<\/span><\/b><\/p>\n<p><b>Esas cartas me comentan que son usadas como papel sanitario en las EPS.<\/b><\/p>\n<p><strong>Thinking<\/strong><\/p>\n<p>Yo me puedo quejar p\u00fablicamente por este medio, pero los que no, les toca llorar y sufrir en silencio por no poder luchar con la amenaza que representa esta maquinaria gigantesca de muerte y dolor que son, desafortunadamente<span class=\"Apple-converted-space\">\u00a0<\/span>para ellos, los intermediarios que mal cuidan de su salud.<\/p>\n<p>Para m\u00ed los derechos humanos son eso,<span class=\"Apple-converted-space\">\u00a0<\/span>unas ciudades seguras, una salud que no deje morir a la gente metida en los mismos laberintos que se inventan ellos<span class=\"Apple-converted-space\">\u00a0<\/span>para multiplicar sus malditas ganancias, ganancias que vienen impregnadas del dolor de miles de familias que han perdido a sus amados por siempre.<\/p>\n<p>Hablo con gente que ha sido afectada y lo que percibo en sus declaraciones es total resignaci\u00f3n, como hemos llegado a aceptar la muerte y la discapacidad como algo inevitable por fallos de profunda corrupci\u00f3n y negligencia de un sistema que trafica con la muerte para convertirla en dinero\u2026 <span class=\"Apple-converted-space\">\u00a0<\/span><\/p>\n<p>\u00a1En dinero maldito!<\/p>\n<p><span style=\"color: #800000;\"><strong>\u00a1Un abrazo!<\/strong><\/span><\/p>\n<p><span style=\"color: #800000;\"><strong>\u00c1lvaro Royo B\u00e1rcenas<\/strong><\/span><\/p>\n<p><strong>Xiamen-China<\/strong><\/p>\n<p><a href=\"mailto:enchina@gmail.com\">enchina@gmail.com<\/a><\/p>\n<p>Twitter:\u00a0@Alvaro_E_Royo<\/p>\n<p>0086-13559231344<\/p>\n<p>&nbsp;<\/p>\n","protected":false},"excerpt":{"rendered":"<p>Por \u00c1lvaro Royo B\u00e1rcenas (Especial para Revista Zetta).- (Xiamen &#8211; China).- 3 de julio de 2022.-\u00a0Cuando te suceden una o dos veces las cosas puedes pensar que son casualidades, pero si te pasan 3, 4 y hasta 5 veces, y si a eso le sumas las historias que te cuentan personas allegadas que sabes que no te est\u00e1n mintiendo y les est\u00e1 sucediendo lo mismo, entonces ya no existe la menor duda de que no hay ninguna duda. Esto est\u00e1 sucediendo, y sucede porque as\u00ed se ha organizado y planificado&#8230; <\/p>\n","protected":false},"author":3,"featured_media":46377,"comment_status":"closed","ping_status":"closed","sticky":false,"template":"","format":"standard","meta":{"footnotes":"","_links_to":"","_links_to_target":""},"categories":[75,44,65],"tags":[377,285,996,997,288,289],"class_list":["post-46376","post","type-post","status-publish","format-standard","has-post-thumbnail","hentry","category-destacada","category-materiagris","category-opinion","tag-alvaro-royo","tag-destacada","tag-eps","tag-eps-sanitas","tag-materia-gris","tag-opinion"],"_links":{"self":[{"href":"https:\/\/revistazetta.com\/index.php?rest_route=\/wp\/v2\/posts\/46376","targetHints":{"allow":["GET"]}}],"collection":[{"href":"https:\/\/revistazetta.com\/index.php?rest_route=\/wp\/v2\/posts"}],"about":[{"href":"https:\/\/revistazetta.com\/index.php?rest_route=\/wp\/v2\/types\/post"}],"author":[{"embeddable":true,"href":"https:\/\/revistazetta.com\/index.php?rest_route=\/wp\/v2\/users\/3"}],"replies":[{"embeddable":true,"href":"https:\/\/revistazetta.com\/index.php?rest_route=%2Fwp%2Fv2%2Fcomments&post=46376"}],"version-history":[{"count":0,"href":"https:\/\/revistazetta.com\/index.php?rest_route=\/wp\/v2\/posts\/46376\/revisions"}],"wp:featuredmedia":[{"embeddable":true,"href":"https:\/\/revistazetta.com\/index.php?rest_route=\/wp\/v2\/media\/46377"}],"wp:attachment":[{"href":"https:\/\/revistazetta.com\/index.php?rest_route=%2Fwp%2Fv2%2Fmedia&parent=46376"}],"wp:term":[{"taxonomy":"category","embeddable":true,"href":"https:\/\/revistazetta.com\/index.php?rest_route=%2Fwp%2Fv2%2Fcategories&post=46376"},{"taxonomy":"post_tag","embeddable":true,"href":"https:\/\/revistazetta.com\/index.php?rest_route=%2Fwp%2Fv2%2Ftags&post=46376"}],"curies":[{"name":"wp","href":"https:\/\/api.w.org\/{rel}","templated":true}]}}