{"id":4644,"date":"2015-02-26T00:45:43","date_gmt":"2015-02-26T05:45:43","guid":{"rendered":"http:\/\/www.revistazetta.com\/?p=4644"},"modified":"2015-02-26T00:45:43","modified_gmt":"2015-02-26T05:45:43","slug":"revista-zetta-celebra-15-anos","status":"publish","type":"post","link":"https:\/\/revistazetta.com\/?p=4644","title":{"rendered":"Revista Zetta celebra 15 a\u00f1os"},"content":{"rendered":"<p><a href=\"https:\/\/www.revistazetta.com\/wp-content\/uploads\/2015\/02\/Zetta-15-caja-1.jpg\"><img loading=\"lazy\" decoding=\"async\" class=\" size-medium wp-image-4646 alignright\" src=\"https:\/\/www.revistazetta.com\/wp-content\/uploads\/2015\/02\/Zetta-15-caja-1-300x183.jpg\" alt=\"Zetta-15-caja-1\" width=\"300\" height=\"183\" srcset=\"https:\/\/revistazetta.com\/wp-content\/uploads\/2015\/02\/Zetta-15-caja-1-300x183.jpg 300w, https:\/\/revistazetta.com\/wp-content\/uploads\/2015\/02\/Zetta-15-caja-1.jpg 779w\" sizes=\"auto, (max-width: 300px) 100vw, 300px\" \/><\/a>Consolidando su expansi\u00f3n, afianzando su liderazgo y con nuevos servicios, la Revista Zetta llega al aniversario N\u00ba 15 de su fundaci\u00f3n. La celebraci\u00f3n formal ser\u00e1 este jueves 26 de febrero con una gala cultural en el Teatro Adolfo Mej\u00eda.<\/p>\n<p>La expansi\u00f3n se palpa en el aumento de el tiraje de su edici\u00f3n impresa mensual de 3.000 ejemplares, el creciente tr\u00e1fico de visitas a la p\u00e1gina <a href=\"https:\/\/www.revistazetta.com\">www.revistazetta.com<\/a> y el importante aumento de sus seguidores en Twitter y Facebook.<\/p>\n<p>El liderazgo editorial se afianza en su servicio informativo especializado en poder pol\u00edtico, poder econ\u00f3mico y poder cultural, con actualidad, an\u00e1lisis y opini\u00f3n, que distinguen su talante de presentar textos inteligentes para lectores inteligentes.<\/p>\n<p>Los nuevos servicios se dan en la importante alianza con la firma Neomedios y el desarrollo de los portales especializados <a href=\"https:\/\/www.eleccionescartagena.com\" target=\"_blank\" rel=\"noopener\">www.eleccionescartagena.com<\/a> y <a href=\"https:\/\/www.eleccionesbolivar.com\" target=\"_blank\" rel=\"noopener\">www.eleccionesbolivar.com<\/a> que se convierten en la m\u00e1s innovadora propuesta de servicio informativo para saber por qui\u00e9n votar en el debate electoral de octubre pr\u00f3ximo.<\/p>\n<p>En la gala se har\u00e1 un reconocimiento a los Personajes del A\u00f1o 2014 rese\u00f1ados en nuestra edici\u00f3n N\u00ba 148 de diciembre pasado, y tambi\u00e9n se har\u00e1 una presentaci\u00f3n de los nuevos servicios ofrecidos en los portales mencionados.<\/p>\n<p>De igual forma, y en alianza con la Fundaci\u00f3n Cultural Cartagena Caribe Big Band, se ofrecer\u00e1 un concierto homenaje a Hugo \u201cSabor\u201d Alandete, el emblem\u00e1tico cantante del sonido cartagenero fallecido en noviembre pasado.<\/p>\n","protected":false},"excerpt":{"rendered":"<p>Consolidando su expansi\u00f3n, afianzando su liderazgo y con nuevos servicios, la Revista Zetta llega al aniversario N\u00ba 15 de su fundaci\u00f3n. La celebraci\u00f3n formal ser\u00e1 este jueves 26 de febrero con una gala cultural en el Teatro Adolfo Mej\u00eda. La expansi\u00f3n se palpa en el aumento de el tiraje de su edici\u00f3n impresa mensual de 3.000 ejemplares, el creciente tr\u00e1fico de visitas a la p\u00e1gina www.revistazetta.com y el importante aumento de sus seguidores en Twitter y Facebook. El liderazgo editorial se afianza en su servicio informativo especializado en poder pol\u00edtico,&#8230; <\/p>\n","protected":false},"author":3,"featured_media":4646,"comment_status":"open","ping_status":"closed","sticky":false,"template":"","format":"standard","meta":{"footnotes":"","_links_to":"","_links_to_target":""},"categories":[2],"tags":[],"class_list":["post-4644","post","type-post","status-publish","format-standard","has-post-thumbnail","hentry","category-actualidad"],"_links":{"self":[{"href":"https:\/\/revistazetta.com\/index.php?rest_route=\/wp\/v2\/posts\/4644","targetHints":{"allow":["GET"]}}],"collection":[{"href":"https:\/\/revistazetta.com\/index.php?rest_route=\/wp\/v2\/posts"}],"about":[{"href":"https:\/\/revistazetta.com\/index.php?rest_route=\/wp\/v2\/types\/post"}],"author":[{"embeddable":true,"href":"https:\/\/revistazetta.com\/index.php?rest_route=\/wp\/v2\/users\/3"}],"replies":[{"embeddable":true,"href":"https:\/\/revistazetta.com\/index.php?rest_route=%2Fwp%2Fv2%2Fcomments&post=4644"}],"version-history":[{"count":0,"href":"https:\/\/revistazetta.com\/index.php?rest_route=\/wp\/v2\/posts\/4644\/revisions"}],"wp:featuredmedia":[{"embeddable":true,"href":"https:\/\/revistazetta.com\/index.php?rest_route=\/wp\/v2\/media\/4646"}],"wp:attachment":[{"href":"https:\/\/revistazetta.com\/index.php?rest_route=%2Fwp%2Fv2%2Fmedia&parent=4644"}],"wp:term":[{"taxonomy":"category","embeddable":true,"href":"https:\/\/revistazetta.com\/index.php?rest_route=%2Fwp%2Fv2%2Fcategories&post=4644"},{"taxonomy":"post_tag","embeddable":true,"href":"https:\/\/revistazetta.com\/index.php?rest_route=%2Fwp%2Fv2%2Ftags&post=4644"}],"curies":[{"name":"wp","href":"https:\/\/api.w.org\/{rel}","templated":true}]}}