{"id":46612,"date":"2022-07-19T05:58:34","date_gmt":"2022-07-19T10:58:34","guid":{"rendered":"https:\/\/revistazetta.com\/?p=46612"},"modified":"2022-07-19T05:58:34","modified_gmt":"2022-07-19T10:58:34","slug":"caracol-radio-la-emisora-mas-escuchada-en-am-en-cartagena","status":"publish","type":"post","link":"https:\/\/revistazetta.com\/?p=46612","title":{"rendered":"Caracol Radio, la emisora m\u00e1s escuchada en AM en Cartagena"},"content":{"rendered":"<p><strong>Cartagena de Indias, 19 de julio de 2022.-<\/strong>\u00a0Caracol Radio 1170 AM es la primera alternativa radial de los cartageneros en AM para informarse y entretenerse. As\u00ed lo revel\u00f3 el Estudio Continuo de Audiencia Radial ECAR, ola 2, del 2022. La franja noticiosa, bajo la direcci\u00f3n nacional de Gustavo G\u00f3mez y la direcci\u00f3n local de Erix Montoya, lidera la preferencia de los oyentes de La Heroica.<\/p>\n<p>La frecuencia 1170 AM es la novena emisora m\u00e1s escuchada en Cartagena, y la primera del AM, con cerca de 26 mil oyentes diarios. Su equipo, integrado adem\u00e1s de Montoya, por Andr\u00e9s Vizca\u00edno, Sebasti\u00e1n Bossa y Eugenio Baena Calvo, es el m\u00e1s escuchado de la radio informativa cartagenera.<\/p>\n<p><img loading=\"lazy\" decoding=\"async\" class=\"alignnone size-medium wp-image-46613\" src=\"https:\/\/revistazetta.com\/wp-content\/uploads\/2022\/07\/WhatsApp-Image-2022-07-18-at-7.44.49-PM-1-380x400.jpeg\" alt=\"\" width=\"380\" height=\"400\" srcset=\"https:\/\/revistazetta.com\/wp-content\/uploads\/2022\/07\/WhatsApp-Image-2022-07-18-at-7.44.49-PM-1-380x400.jpeg 380w, https:\/\/revistazetta.com\/wp-content\/uploads\/2022\/07\/WhatsApp-Image-2022-07-18-at-7.44.49-PM-1-972x1024.jpeg 972w, https:\/\/revistazetta.com\/wp-content\/uploads\/2022\/07\/WhatsApp-Image-2022-07-18-at-7.44.49-PM-1.jpeg 1284w\" sizes=\"auto, (max-width: 380px) 100vw, 380px\" \/><\/p>\n","protected":false},"excerpt":{"rendered":"<p>Cartagena de Indias, 19 de julio de 2022.-\u00a0Caracol Radio 1170 AM es la primera alternativa radial de los cartageneros en AM para informarse y entretenerse. As\u00ed lo revel\u00f3 el Estudio Continuo de Audiencia Radial ECAR, ola 2, del 2022. La franja noticiosa, bajo la direcci\u00f3n nacional de Gustavo G\u00f3mez y la direcci\u00f3n local de Erix Montoya, lidera la preferencia de los oyentes de La Heroica. La frecuencia 1170 AM es la novena emisora m\u00e1s escuchada en Cartagena, y la primera del AM, con cerca de 26 mil oyentes diarios. Su&#8230; <\/p>\n","protected":false},"author":3,"featured_media":46614,"comment_status":"closed","ping_status":"closed","sticky":false,"template":"","format":"standard","meta":{"footnotes":"","_links_to":"","_links_to_target":""},"categories":[3,50],"tags":[1050,1049,292,306],"class_list":["post-46612","post","type-post","status-publish","format-standard","has-post-thumbnail","hentry","category-ciudad","category-empresa","tag-am","tag-caracol-radio","tag-ciudad","tag-empresa"],"_links":{"self":[{"href":"https:\/\/revistazetta.com\/index.php?rest_route=\/wp\/v2\/posts\/46612","targetHints":{"allow":["GET"]}}],"collection":[{"href":"https:\/\/revistazetta.com\/index.php?rest_route=\/wp\/v2\/posts"}],"about":[{"href":"https:\/\/revistazetta.com\/index.php?rest_route=\/wp\/v2\/types\/post"}],"author":[{"embeddable":true,"href":"https:\/\/revistazetta.com\/index.php?rest_route=\/wp\/v2\/users\/3"}],"replies":[{"embeddable":true,"href":"https:\/\/revistazetta.com\/index.php?rest_route=%2Fwp%2Fv2%2Fcomments&post=46612"}],"version-history":[{"count":0,"href":"https:\/\/revistazetta.com\/index.php?rest_route=\/wp\/v2\/posts\/46612\/revisions"}],"wp:featuredmedia":[{"embeddable":true,"href":"https:\/\/revistazetta.com\/index.php?rest_route=\/wp\/v2\/media\/46614"}],"wp:attachment":[{"href":"https:\/\/revistazetta.com\/index.php?rest_route=%2Fwp%2Fv2%2Fmedia&parent=46612"}],"wp:term":[{"taxonomy":"category","embeddable":true,"href":"https:\/\/revistazetta.com\/index.php?rest_route=%2Fwp%2Fv2%2Fcategories&post=46612"},{"taxonomy":"post_tag","embeddable":true,"href":"https:\/\/revistazetta.com\/index.php?rest_route=%2Fwp%2Fv2%2Ftags&post=46612"}],"curies":[{"name":"wp","href":"https:\/\/api.w.org\/{rel}","templated":true}]}}