{"id":46615,"date":"2022-07-19T06:07:58","date_gmt":"2022-07-19T11:07:58","guid":{"rendered":"https:\/\/revistazetta.com\/?p=46615"},"modified":"2022-07-19T06:07:58","modified_gmt":"2022-07-19T11:07:58","slug":"bolivar-y-el-nuevo-congreso-opinion-de-javier-posada","status":"publish","type":"post","link":"https:\/\/revistazetta.com\/?p=46615","title":{"rendered":"Bol\u00edvar y el nuevo Congreso &#8211; Opini\u00f3n de Javier Posada"},"content":{"rendered":"<p><strong>Por Javier Posada Meola (Especial para Revista Zetta).- 19 de julio de 2022.-<\/strong>\u00a0Este 20 de julio se posesionan los nuevos congresistas del pa\u00eds y con ello se da inicio a un nuevo per\u00edodo legislativo.<\/p>\n<p>El departamento de Bol\u00edvar aport\u00f3 votaciones significativas a senadores electos: del Partido Liberal, Lidio Garcia; Partido Conservador, Nadia Blel; Cambio Radical, Jorge Benedetti; Partido de la U, Antonio Correa, y en menor grado Centro Democr\u00e1tico, Enrique Cabrales.<\/p>\n<p>En principio en cabeza de estos 5 senadores estar\u00eda la representaci\u00f3n del departamento en la C\u00e1mara Alta del Congreso Colombiano. Extra\u00f1amente, a pesar de la importante votaci\u00f3n que obtuvo la lista a Senado del Pacto Hist\u00f3rico, no hubo bolivarenses en renglones adecuados que permitieran su elecci\u00f3n.<\/p>\n<p>En la C\u00e1mara de Representantes Bol\u00edvar contar\u00e1 con Yamilito Arana, Andr\u00e9s Montes, Fernando Ni\u00f1o y Juliana Aray, elegidos por el Partido Conservador, Silvio Carrasquilla por el Partido Liberal y Dorina Hernandez por Pacto Hist\u00f3rico.<\/p>\n<p>Matem\u00e1ticamente podemos decir que estamos bien representados, depender\u00e1 ahora de la disciplina, dedicaci\u00f3n, olfato pol\u00edtico y liderazgo de cada uno de ellos el convertir esa representaci\u00f3n en oportunidades reales para nuestro departamento.<\/p>\n<p>Las primeras de cambio indican que todos apuestan por un apoyo generoso al nuevo gobierno, a excepci\u00f3n de Cabrales cuyo Partido Centro Democr\u00e1tico seguramente ser\u00e1 oposici\u00f3n, a todos se les nota dispuestos a acompa\u00f1ar la agenda legislativa de Petro. Unos por convicci\u00f3n, otros por disciplina partidista y otros por puro descarte.<\/p>\n<p>El nuevo Congreso tiene una gran oportunidad de contribuir a la transformaci\u00f3n del pa\u00eds, tramitar institucionalmente las demandas ciudadanas, velar celosamente por el respeto de los derechos y libertades y procurar en nuestro pa\u00eds una sociedad m\u00e1s justa.<\/p>\n<p>El Congreso colombiano ha sido protagonista de esc\u00e1ndalos may\u00fasculos, no en vano su p\u00e9sima imagen ante los colombianos, sin embargo, esperamos que esta vez las cosas sean mejores.<\/p>\n<p>A los congresistas bolivarenses hay que desearles toda la suerte del mundo, ojal\u00e1 todos se destaquen, ojal\u00e1 sean protagonistas en los grandes temas nacionales. Si en su gesti\u00f3n les va bien, a Bol\u00edvar le ir\u00e1 bien.<\/p>\n","protected":false},"excerpt":{"rendered":"<p>Por Javier Posada Meola (Especial para Revista Zetta).- 19 de julio de 2022.-\u00a0Este 20 de julio se posesionan los nuevos congresistas del pa\u00eds y con ello se da inicio a un nuevo per\u00edodo legislativo. El departamento de Bol\u00edvar aport\u00f3 votaciones significativas a senadores electos: del Partido Liberal, Lidio Garcia; Partido Conservador, Nadia Blel; Cambio Radical, Jorge Benedetti; Partido de la U, Antonio Correa, y en menor grado Centro Democr\u00e1tico, Enrique Cabrales. En principio en cabeza de estos 5 senadores estar\u00eda la representaci\u00f3n del departamento en la C\u00e1mara Alta del Congreso&#8230; <\/p>\n","protected":false},"author":3,"featured_media":46616,"comment_status":"closed","ping_status":"closed","sticky":false,"template":"","format":"standard","meta":{"footnotes":"","_links_to":"","_links_to_target":""},"categories":[44,65],"tags":[338,702,288,289,234],"class_list":["post-46615","post","type-post","status-publish","format-standard","has-post-thumbnail","hentry","category-materiagris","category-opinion","tag-camara-de-representantes","tag-javier-posada","tag-materia-gris","tag-opinion","tag-senado"],"_links":{"self":[{"href":"https:\/\/revistazetta.com\/index.php?rest_route=\/wp\/v2\/posts\/46615","targetHints":{"allow":["GET"]}}],"collection":[{"href":"https:\/\/revistazetta.com\/index.php?rest_route=\/wp\/v2\/posts"}],"about":[{"href":"https:\/\/revistazetta.com\/index.php?rest_route=\/wp\/v2\/types\/post"}],"author":[{"embeddable":true,"href":"https:\/\/revistazetta.com\/index.php?rest_route=\/wp\/v2\/users\/3"}],"replies":[{"embeddable":true,"href":"https:\/\/revistazetta.com\/index.php?rest_route=%2Fwp%2Fv2%2Fcomments&post=46615"}],"version-history":[{"count":0,"href":"https:\/\/revistazetta.com\/index.php?rest_route=\/wp\/v2\/posts\/46615\/revisions"}],"wp:featuredmedia":[{"embeddable":true,"href":"https:\/\/revistazetta.com\/index.php?rest_route=\/wp\/v2\/media\/46616"}],"wp:attachment":[{"href":"https:\/\/revistazetta.com\/index.php?rest_route=%2Fwp%2Fv2%2Fmedia&parent=46615"}],"wp:term":[{"taxonomy":"category","embeddable":true,"href":"https:\/\/revistazetta.com\/index.php?rest_route=%2Fwp%2Fv2%2Fcategories&post=46615"},{"taxonomy":"post_tag","embeddable":true,"href":"https:\/\/revistazetta.com\/index.php?rest_route=%2Fwp%2Fv2%2Ftags&post=46615"}],"curies":[{"name":"wp","href":"https:\/\/api.w.org\/{rel}","templated":true}]}}