{"id":46658,"date":"2022-07-22T11:33:01","date_gmt":"2022-07-22T16:33:01","guid":{"rendered":"https:\/\/revistazetta.com\/?p=46658"},"modified":"2022-07-22T11:33:01","modified_gmt":"2022-07-22T16:33:01","slug":"por-problematicas-manga-no-quiere-mas-oficinas-institucionales","status":"publish","type":"post","link":"https:\/\/revistazetta.com\/?p=46658","title":{"rendered":"Por problem\u00e1ticas, Manga no quiere m\u00e1s oficinas institucionales"},"content":{"rendered":"<p><strong>Cartagena de Indias, 22 de julio de 2022.-<\/strong> Los habitantes de Manga ya no soportan tantos y tantos malestares para su cotidianidad. A la inseguridad y colapso de la movilidad, dos de sus principales tormentos, han contribuido el establecimiento de distintas entidades oficiales, que elevan la presi\u00f3n de transe\u00fantes, usuarios, trabajadores y veh\u00edculos en la zona.<\/p>\n<p>Por ello rechazaron la pretensi\u00f3n del DADIS de instalar all\u00ed su oficina principal ante el cierre de sus dependencias en Getseman\u00ed, por insalubres.<\/p>\n<p>Federico de la Rosa, presidente de la Junta de Acci\u00f3n Comunal, explic\u00f3 que la protesta realizada por usuarios en la sede de la Nueva EPS, provocando serios traumatismos a la movilidad y molestias a los vecinos, es una raz\u00f3n m\u00e1s para no permitir la instalaci\u00f3n de m\u00e1s oficinas distritales.<\/p>\n<p>Anot\u00f3 que ya en este barrio existe oficinas de entidades gubernativas como de Edurbe, DATT, Corvivienda, Go Catastral y otras dependencias oficiales, que igualmente tambi\u00e9n afectan la movilidad y no est\u00e1n dispuestos a permitir la llegada de m\u00e1s oficinas p\u00fablicas al barrio Manga.<\/p>\n<p>La protesta contra la Nueva EPS la adelantaron usuarios de esa entidad, ante el reiterado incumplimiento de citas con m\u00e9dicos generales y especialistas, demoras en los tratamientos y \u00f3rdenes de servicios como tambi\u00e9n entrega de medicamentos.<\/p>\n","protected":false},"excerpt":{"rendered":"<p>Cartagena de Indias, 22 de julio de 2022.- Los habitantes de Manga ya no soportan tantos y tantos malestares para su cotidianidad. A la inseguridad y colapso de la movilidad, dos de sus principales tormentos, han contribuido el establecimiento de distintas entidades oficiales, que elevan la presi\u00f3n de transe\u00fantes, usuarios, trabajadores y veh\u00edculos en la zona. Por ello rechazaron la pretensi\u00f3n del DADIS de instalar all\u00ed su oficina principal ante el cierre de sus dependencias en Getseman\u00ed, por insalubres. Federico de la Rosa, presidente de la Junta de Acci\u00f3n Comunal,&#8230; <\/p>\n","protected":false},"author":3,"featured_media":46659,"comment_status":"closed","ping_status":"closed","sticky":false,"template":"","format":"standard","meta":{"footnotes":"","_links_to":"","_links_to_target":""},"categories":[3],"tags":[292,654,503],"class_list":["post-46658","post","type-post","status-publish","format-standard","has-post-thumbnail","hentry","category-ciudad","tag-ciudad","tag-federico-de-la-rosa","tag-manga"],"_links":{"self":[{"href":"https:\/\/revistazetta.com\/index.php?rest_route=\/wp\/v2\/posts\/46658","targetHints":{"allow":["GET"]}}],"collection":[{"href":"https:\/\/revistazetta.com\/index.php?rest_route=\/wp\/v2\/posts"}],"about":[{"href":"https:\/\/revistazetta.com\/index.php?rest_route=\/wp\/v2\/types\/post"}],"author":[{"embeddable":true,"href":"https:\/\/revistazetta.com\/index.php?rest_route=\/wp\/v2\/users\/3"}],"replies":[{"embeddable":true,"href":"https:\/\/revistazetta.com\/index.php?rest_route=%2Fwp%2Fv2%2Fcomments&post=46658"}],"version-history":[{"count":0,"href":"https:\/\/revistazetta.com\/index.php?rest_route=\/wp\/v2\/posts\/46658\/revisions"}],"wp:featuredmedia":[{"embeddable":true,"href":"https:\/\/revistazetta.com\/index.php?rest_route=\/wp\/v2\/media\/46659"}],"wp:attachment":[{"href":"https:\/\/revistazetta.com\/index.php?rest_route=%2Fwp%2Fv2%2Fmedia&parent=46658"}],"wp:term":[{"taxonomy":"category","embeddable":true,"href":"https:\/\/revistazetta.com\/index.php?rest_route=%2Fwp%2Fv2%2Fcategories&post=46658"},{"taxonomy":"post_tag","embeddable":true,"href":"https:\/\/revistazetta.com\/index.php?rest_route=%2Fwp%2Fv2%2Ftags&post=46658"}],"curies":[{"name":"wp","href":"https:\/\/api.w.org\/{rel}","templated":true}]}}