{"id":46749,"date":"2022-07-27T11:29:00","date_gmt":"2022-07-27T16:29:00","guid":{"rendered":"https:\/\/revistazetta.com\/?p=46749"},"modified":"2022-07-27T11:44:10","modified_gmt":"2022-07-27T16:44:10","slug":"dario-gomez-dialogo-con-juan-carlos-coronel-para-programa-de-tv","status":"publish","type":"post","link":"https:\/\/revistazetta.com\/?p=46749","title":{"rendered":"Dar\u00edo G\u00f3mez dialog\u00f3 con Juan Carlos Coronel para programa de TV"},"content":{"rendered":"<p><span style=\"color: #000080;\"><strong><em>\u00abCoronel en su laberinto\u00bb entrevist\u00f3 al fallecido Rey del Despecho. Se estrena este domingo 31 de julio, a las 8:00 de la noche en Se\u00f1al Colombia<\/em><\/strong><\/span><\/p>\n<p><strong>Bogot\u00e1, 27 de julio de 2022.-<\/strong> La sorpresiva muerte de Dar\u00edo G\u00f3mez, cantante conocido como el \u00abRey del Despecho\u00bb, enlut\u00f3 a la m\u00fasica popular colombiana, que recuerda su sentido repertorio. D\u00edas antes, el artista dialog\u00f3 con otro gigante de nuestra m\u00fasica, el cartagenero Juan Carlos Coronel, quien prepar\u00f3 una serie de di\u00e1logos televisivos para la serie \u00abCoronel en su laberinto\u00bb.<\/p>\n<p>En la entrevista, G\u00f3mez y Coronel desarrollan un emotivo di\u00e1logo sobre la trayectoria del Rey del Despecho. Es dif\u00edcil no cantar Nadie es eterno, pero no es f\u00e1cil saber que esta legendaria canci\u00f3n de Dar\u00edo G\u00f3mez est\u00e1 inspirada en el antiguo cementerio de San Jer\u00f3nimo (Antioquia), que fue derrumbado y desalojado para la construcci\u00f3n de viviendas. Si no es fan\u00e1tico es posible que no sepa que el amor por la m\u00fasica naci\u00f3 gracias a su abuelo materno, que en un principio cant\u00f3 m\u00fasica de parranda, o que fueron los oyentes de una emisora quienes lo bautizaron como el \u2018Rey del despecho\u2019.<\/p>\n<p>Quiso el destino que el estreno de este programa se diese apenas horas despu\u00e9s de la muerte de Dar\u00edo G\u00f3mez, ocurrida en Medell\u00edn este martes 26 de julio de 2022.<\/p>\n<div align=\"justify\"><strong>Coronel en su laberinto<\/strong><\/div>\n<div align=\"justify\">\n<div id=\"attachment_46751\" style=\"width: 410px\" class=\"wp-caption alignnone\"><img loading=\"lazy\" decoding=\"async\" aria-describedby=\"caption-attachment-46751\" class=\"wp-image-46751 size-medium\" src=\"https:\/\/revistazetta.com\/wp-content\/uploads\/2022\/07\/unnamed-400x300.jpg\" alt=\"\" width=\"400\" height=\"300\" srcset=\"https:\/\/revistazetta.com\/wp-content\/uploads\/2022\/07\/unnamed-400x300.jpg 400w, https:\/\/revistazetta.com\/wp-content\/uploads\/2022\/07\/unnamed-1024x768.jpg 1024w, https:\/\/revistazetta.com\/wp-content\/uploads\/2022\/07\/unnamed.jpg 1200w\" sizes=\"auto, (max-width: 400px) 100vw, 400px\" \/><p id=\"caption-attachment-46751\" class=\"wp-caption-text\">Juan Carlos Coronel y Ma\u00eda.<\/p><\/div>\n<\/div>\n<div align=\"justify\"><\/div>\n<div align=\"justify\">El m\u00fasico Juan Carlos Coronel se estrena en una nueva faceta gracias a \u00abCoronel en su laberinto\u00bb, un programa en el que conversa con artistas que marcaron e influenciaron su carrera. En cada episodio sostiene una conversaci\u00f3n sincera sobre los miedos, los fracasos y las alegr\u00edas de la vida que luego quedan inmortalizadas en canciones.<\/div>\n<div align=\"justify\"><\/div>\n<div align=\"justify\">Durante la producci\u00f3n, que es idea original suya, Coronel tuvo la oportunidad de confrontar a sus invitados y a s\u00ed mismo en su laberinto, como ese espacio f\u00edsico o mental conformado por caminos que intencionalmente pretenden confundir a quien transita por ellos; un laberinto en el cual la dificultad no radica en salir de la encrucijada, sino en vivir adentro sin perderse.<\/div>\n<div align=\"justify\">\n<div id=\"attachment_46753\" style=\"width: 410px\" class=\"wp-caption alignnone\"><img loading=\"lazy\" decoding=\"async\" aria-describedby=\"caption-attachment-46753\" class=\"wp-image-46753 size-medium\" src=\"https:\/\/revistazetta.com\/wp-content\/uploads\/2022\/07\/Coronel-y-Puma-400x225.jpeg\" alt=\"\" width=\"400\" height=\"225\" srcset=\"https:\/\/revistazetta.com\/wp-content\/uploads\/2022\/07\/Coronel-y-Puma-400x225.jpeg 400w, https:\/\/revistazetta.com\/wp-content\/uploads\/2022\/07\/Coronel-y-Puma-1024x576.jpeg 1024w, https:\/\/revistazetta.com\/wp-content\/uploads\/2022\/07\/Coronel-y-Puma-1536x864.jpeg 1536w, https:\/\/revistazetta.com\/wp-content\/uploads\/2022\/07\/Coronel-y-Puma.jpeg 1920w\" sizes=\"auto, (max-width: 400px) 100vw, 400px\" \/><p id=\"caption-attachment-46753\" class=\"wp-caption-text\">Jos\u00e9 Luis Rodr\u00edguez \u00abEl Puma\u00bb y Juan Carlos Coronel.<\/p><\/div>\n<\/div>\n<div align=\"justify\"><\/div>\n<div align=\"justify\"><\/div>\n<div align=\"justify\">\n<div align=\"justify\">Son estos aspectos, precisamente, los que el cantante, productor y compositor Juan Carlos Coronel abarca en \u00abCoronel en su laberinto\u00bb, programa que se estrena este 31 de julio a las 8:00 p. m. en el canal Se\u00f1al Colombia, y cuyos cap\u00edtulos quedar\u00e1n alojados posteriormente en RTVCPlay, la plataforma gratuita y online de RTVC Sistema de Medios P\u00fablicos.<\/div>\n<div align=\"justify\"><\/div>\n<div align=\"justify\">\u201cCada vez que iba a ofrecer una entrevista ya sab\u00eda lo que me iban a preguntar. De una u otra forma los artistas somos seres distintos, pensamos, sentimos y nuestros d\u00edas son diferentes y, por lo general, quienes est\u00e1n detr\u00e1s del micr\u00f3fono, los que entrevistan no tienen la sensibilidad aguda, no saben c\u00f3mo es el universo art\u00edstico, no saben lo que pensamos, vivimos o sentimos\u201d, dice el artista.<\/div>\n<\/div>\n<div align=\"justify\">\n<div id=\"attachment_46754\" style=\"width: 410px\" class=\"wp-caption alignnone\"><img loading=\"lazy\" decoding=\"async\" aria-describedby=\"caption-attachment-46754\" class=\"wp-image-46754 size-medium\" src=\"https:\/\/revistazetta.com\/wp-content\/uploads\/2022\/07\/Coronel-y-rumba-400x225.jpeg\" alt=\"\" width=\"400\" height=\"225\" srcset=\"https:\/\/revistazetta.com\/wp-content\/uploads\/2022\/07\/Coronel-y-rumba-400x225.jpeg 400w, https:\/\/revistazetta.com\/wp-content\/uploads\/2022\/07\/Coronel-y-rumba-1024x576.jpeg 1024w, https:\/\/revistazetta.com\/wp-content\/uploads\/2022\/07\/Coronel-y-rumba-1536x864.jpeg 1536w, https:\/\/revistazetta.com\/wp-content\/uploads\/2022\/07\/Coronel-y-rumba-2048x1152.jpeg 2048w\" sizes=\"auto, (max-width: 400px) 100vw, 400px\" \/><p id=\"caption-attachment-46754\" class=\"wp-caption-text\">Juan Carlos Coronel y Gabriel \u00abRumba\u00bb Romero.<\/p><\/div>\n<\/div>\n<div align=\"justify\"><\/div>\n<div align=\"justify\">\n<div align=\"justify\">Por eso, decidi\u00f3 tomar las riendas y trabajar en este proyecto en el que \u00e9l pregunta \u201clo que nos gustar\u00eda que nos preguntaran\u201d a sus amigos y colegas Silvio Brito, Dar\u00edo G\u00f3mez, Walter Silva, Ma\u00eda, Gabriel \u2018Rumba\u2019 Romero, \u00d3scar de Le\u00f3n, Jos\u00e9 Alberto \u2018El Canario\u2019, Wilfrido Vargas y Jos\u00e9 Luis Rodr\u00edguez \u2018El Puma\u2019.<\/div>\n<div align=\"justify\"><\/div>\n<div align=\"justify\">Con cada uno establece una conversaci\u00f3n sincera en la que hablan sobre m\u00fasica, por supuesto, pero tambi\u00e9n sobre esos sucesos cotidianos que los convirti\u00f3 en artistas y los inspir\u00f3.<\/div>\n<div align=\"justify\"><\/div>\n<div align=\"justify\">En Coronel en su laberinto, Silvio Brito dice, por ejemplo, que su gran sue\u00f1o cuando ni\u00f1o era poder estudiar el bachillerato; mientras que \u2018El Puma\u2019 habla de c\u00f3mo es su vida tras el trasplante de pulm\u00f3n. Al tiempo, Juan Carlos Coronel tambi\u00e9n tuvo la oportunidad de enfrentar sus propios miedos y el resultado de esta confrontaci\u00f3n se ver\u00e1 reflejada en su pr\u00f3xima producci\u00f3n musical.<\/div>\n<div align=\"justify\"><\/div>\n<\/div>\n","protected":false},"excerpt":{"rendered":"<p>\u00abCoronel en su laberinto\u00bb entrevist\u00f3 al fallecido Rey del Despecho. Se estrena este domingo 31 de julio, a las 8:00 de la noche en Se\u00f1al Colombia Bogot\u00e1, 27 de julio de 2022.- La sorpresiva muerte de Dar\u00edo G\u00f3mez, cantante conocido como el \u00abRey del Despecho\u00bb, enlut\u00f3 a la m\u00fasica popular colombiana, que recuerda su sentido repertorio. D\u00edas antes, el artista dialog\u00f3 con otro gigante de nuestra m\u00fasica, el cartagenero Juan Carlos Coronel, quien prepar\u00f3 una serie de di\u00e1logos televisivos para la serie \u00abCoronel en su laberinto\u00bb. En la entrevista, G\u00f3mez&#8230; <\/p>\n","protected":false},"author":3,"featured_media":46750,"comment_status":"closed","ping_status":"closed","sticky":false,"template":"","format":"standard","meta":{"footnotes":"","_links_to":"","_links_to_target":""},"categories":[41,43],"tags":[290,1079,1078,304],"class_list":["post-46749","post","type-post","status-publish","format-standard","has-post-thumbnail","hentry","category-cultura","category-cultura-musica","tag-cultura","tag-dario-gomez","tag-juan-carlos-coronel","tag-musica"],"_links":{"self":[{"href":"https:\/\/revistazetta.com\/index.php?rest_route=\/wp\/v2\/posts\/46749","targetHints":{"allow":["GET"]}}],"collection":[{"href":"https:\/\/revistazetta.com\/index.php?rest_route=\/wp\/v2\/posts"}],"about":[{"href":"https:\/\/revistazetta.com\/index.php?rest_route=\/wp\/v2\/types\/post"}],"author":[{"embeddable":true,"href":"https:\/\/revistazetta.com\/index.php?rest_route=\/wp\/v2\/users\/3"}],"replies":[{"embeddable":true,"href":"https:\/\/revistazetta.com\/index.php?rest_route=%2Fwp%2Fv2%2Fcomments&post=46749"}],"version-history":[{"count":0,"href":"https:\/\/revistazetta.com\/index.php?rest_route=\/wp\/v2\/posts\/46749\/revisions"}],"wp:featuredmedia":[{"embeddable":true,"href":"https:\/\/revistazetta.com\/index.php?rest_route=\/wp\/v2\/media\/46750"}],"wp:attachment":[{"href":"https:\/\/revistazetta.com\/index.php?rest_route=%2Fwp%2Fv2%2Fmedia&parent=46749"}],"wp:term":[{"taxonomy":"category","embeddable":true,"href":"https:\/\/revistazetta.com\/index.php?rest_route=%2Fwp%2Fv2%2Fcategories&post=46749"},{"taxonomy":"post_tag","embeddable":true,"href":"https:\/\/revistazetta.com\/index.php?rest_route=%2Fwp%2Fv2%2Ftags&post=46749"}],"curies":[{"name":"wp","href":"https:\/\/api.w.org\/{rel}","templated":true}]}}