{"id":46755,"date":"2022-07-27T14:40:41","date_gmt":"2022-07-27T19:40:41","guid":{"rendered":"https:\/\/revistazetta.com\/?p=46755"},"modified":"2022-07-27T14:41:43","modified_gmt":"2022-07-27T19:41:43","slug":"comunidad-wayuu-inaugura-primera-tienda-comunitaria-con-energia-solar","status":"publish","type":"post","link":"https:\/\/revistazetta.com\/?p=46755","title":{"rendered":"Comunidad Way\u00fau inaugura primera tienda comunitaria con energ\u00eda solar"},"content":{"rendered":"<blockquote><p><span style=\"color: #000080;\"><em>Gracias a la energ\u00eda proveniente de paneles solares, m\u00e1s de cuarenta familias comenzar\u00e1n a disfrutar de productos refrigerados como carnes fr\u00edas, bebidas, frutas y verduras frescas.<\/em><\/span><\/p><\/blockquote>\n<p><strong>Riohacha, la Guajira, 27 de julio de 2022.-<\/strong> En la comunidad ind\u00edgena Kayetamana, en el municipio de Riohacha, departamento de La Guajira, los tiempos de desamparo est\u00e1n quedando atr\u00e1s. En junio, los pobladores de la zona se vistieron de fiesta para celebrar la inauguraci\u00f3n de su primera tienda comunitaria que adem\u00e1s funciona con energ\u00eda solar y est\u00e1 dotada con un congelador. La puesta en marcha de la tienda busca generar desarrollo econ\u00f3mico incluyente rural para una comunidad que lucha por mejorar su calidad de vida y responde a uno de los resultados obtenidos del trabajo conjunto entre Tierra Grata, la Fundaci\u00f3n Allianz y las tecnolog\u00edas de SUHE Energy.<\/p>\n<p><img loading=\"lazy\" decoding=\"async\" class=\"alignnone size-medium wp-image-46760\" src=\"https:\/\/revistazetta.com\/wp-content\/uploads\/2022\/07\/unnamed-5-400x267.jpg\" alt=\"\" width=\"400\" height=\"267\" srcset=\"https:\/\/revistazetta.com\/wp-content\/uploads\/2022\/07\/unnamed-5-400x267.jpg 400w, https:\/\/revistazetta.com\/wp-content\/uploads\/2022\/07\/unnamed-5-1024x683.jpg 1024w, https:\/\/revistazetta.com\/wp-content\/uploads\/2022\/07\/unnamed-5-1536x1024.jpg 1536w, https:\/\/revistazetta.com\/wp-content\/uploads\/2022\/07\/unnamed-5-2048x1365.jpg 2048w\" sizes=\"auto, (max-width: 400px) 100vw, 400px\" \/><\/p>\n<p>La comunidad way\u00fau, de la que hacen parte 48 familias, asumi\u00f3 el pago de una parte del sistema y est\u00e1 encargada de la ejecuci\u00f3n del proyecto con el acompa\u00f1amiento de la organizaci\u00f3n Tierra Grata. A pesar de contar con poca experiencia en el manejo de recursos, los miembros de Kayetamana pusieron todo su esfuerzo para sacar adelante el emprendimiento con el que esperan dinamizar la econom\u00eda y generar empleo local. El tendero, por ejemplo, fue escogido por la comunidad y recibir\u00e1 un salario mensual por su trabajo.<\/p>\n<p><img loading=\"lazy\" decoding=\"async\" class=\"alignnone size-medium wp-image-46759\" src=\"https:\/\/revistazetta.com\/wp-content\/uploads\/2022\/07\/unnamed-4-400x267.jpg\" alt=\"\" width=\"400\" height=\"267\" srcset=\"https:\/\/revistazetta.com\/wp-content\/uploads\/2022\/07\/unnamed-4-400x267.jpg 400w, https:\/\/revistazetta.com\/wp-content\/uploads\/2022\/07\/unnamed-4-1024x683.jpg 1024w, https:\/\/revistazetta.com\/wp-content\/uploads\/2022\/07\/unnamed-4-1536x1024.jpg 1536w, https:\/\/revistazetta.com\/wp-content\/uploads\/2022\/07\/unnamed-4-2048x1365.jpg 2048w\" sizes=\"auto, (max-width: 400px) 100vw, 400px\" \/><\/p>\n<p>Antes de la apertura de la tienda, la comunidad no pod\u00eda acceder f\u00e1cilmente a alimentos b\u00e1sicos de la canasta familiar ni a otros art\u00edculos del hogar. Para adquirirlos, semanalmente deb\u00edan trasladarse al casco urbano de Riohacha y gastar entre $20.000 y $50.000 en transporte. Al contar con una tienda dentro de su territorio y evitar desplazamientos a los centros urbanos, las familias podr\u00e1n ahorrar hasta 30% en los costos de la canasta b\u00e1sica.<\/p>\n<p>Desde inicios de 2022, los habitantes de la zona recibieron acompa\u00f1amiento y capacitaciones para fortalecer sus habilidades t\u00e9cnicas y administrativas. El objetivo era empoderar a los Guardianes en el tema organizativo para que estuvieran en capacidad de administrar el negocio y tener buenas pr\u00e1cticas financieras.<\/p>\n<p><img loading=\"lazy\" decoding=\"async\" class=\"alignnone size-medium wp-image-46757\" src=\"https:\/\/revistazetta.com\/wp-content\/uploads\/2022\/07\/unnamed-2-400x400.png\" alt=\"\" width=\"400\" height=\"400\" srcset=\"https:\/\/revistazetta.com\/wp-content\/uploads\/2022\/07\/unnamed-2-400x400.png 400w, https:\/\/revistazetta.com\/wp-content\/uploads\/2022\/07\/unnamed-2-1024x1024.png 1024w, https:\/\/revistazetta.com\/wp-content\/uploads\/2022\/07\/unnamed-2-300x300.png 300w, https:\/\/revistazetta.com\/wp-content\/uploads\/2022\/07\/unnamed-2-80x80.png 80w, https:\/\/revistazetta.com\/wp-content\/uploads\/2022\/07\/unnamed-2.png 1080w\" sizes=\"auto, (max-width: 400px) 100vw, 400px\" \/><\/p>\n<p>Esta intervenci\u00f3n fue posible gracias al apoyo econ\u00f3mico de la Fundaci\u00f3n Allianz como parte de la ejecuci\u00f3n del Premio a la Innovaci\u00f3n Social, del cual Tierra Grata result\u00f3 ganadora en la categor\u00eda de Entidades Sin \u00c1nimo de Lucro en el a\u00f1o 2021.<\/p>\n<p>Los resultados hacen posible que los habitantes de Kayetamana hoy cuenten con una tienda en donde comprar productos refrigerados con los que diversificar su canasta familiar y, adem\u00e1s, aminorar el calor que se percibe durante el d\u00eda y que puede alcanzar una temperatura media diaria m\u00e1xima de 34 grados cent\u00edgrados.<\/p>\n<p><img loading=\"lazy\" decoding=\"async\" class=\"alignnone size-medium wp-image-46758\" src=\"https:\/\/revistazetta.com\/wp-content\/uploads\/2022\/07\/unnamed-3-1-400x267.jpg\" alt=\"\" width=\"400\" height=\"267\" srcset=\"https:\/\/revistazetta.com\/wp-content\/uploads\/2022\/07\/unnamed-3-1-400x267.jpg 400w, https:\/\/revistazetta.com\/wp-content\/uploads\/2022\/07\/unnamed-3-1-1024x683.jpg 1024w, https:\/\/revistazetta.com\/wp-content\/uploads\/2022\/07\/unnamed-3-1-1536x1024.jpg 1536w, https:\/\/revistazetta.com\/wp-content\/uploads\/2022\/07\/unnamed-3-1-2048x1365.jpg 2048w\" sizes=\"auto, (max-width: 400px) 100vw, 400px\" \/><\/p>\n<p>Una de las innovaciones es que la energ\u00eda usada en la tienda proviene de paneles solares. Entre las principales ventajas de contar con este tipo de energ\u00eda es que es descentralizada, por lo que no requiere conexiones a sistemas el\u00e9ctricos para su funcionamiento, sino que es independiente, generando su propia energ\u00eda acorde a la demanda energ\u00e9tica de la comunidad. Adem\u00e1s, no emite sustancias t\u00f3xicas ni contaminantes del aire; no genera residuos ni contaminaci\u00f3n del agua; no emite gases de efecto invernadero, por lo que no contribuye al calentamiento global; es inagotable, y se renueva.<\/p>\n<p><img loading=\"lazy\" decoding=\"async\" class=\"alignnone size-medium wp-image-46764\" src=\"https:\/\/revistazetta.com\/wp-content\/uploads\/2022\/07\/unnamed-400x400.png\" alt=\"\" width=\"400\" height=\"400\" srcset=\"https:\/\/revistazetta.com\/wp-content\/uploads\/2022\/07\/unnamed-400x400.png 400w, https:\/\/revistazetta.com\/wp-content\/uploads\/2022\/07\/unnamed-1024x1024.png 1024w, https:\/\/revistazetta.com\/wp-content\/uploads\/2022\/07\/unnamed-300x300.png 300w, https:\/\/revistazetta.com\/wp-content\/uploads\/2022\/07\/unnamed-80x80.png 80w, https:\/\/revistazetta.com\/wp-content\/uploads\/2022\/07\/unnamed.png 1080w\" sizes=\"auto, (max-width: 400px) 100vw, 400px\" \/><\/p>\n<p>Por todo ello, es un sistema energ\u00e9tico sostenible que cimenta las bases para el desarrollo presente sin poner en riesgo el de futuras generaciones.<\/p>\n<p>En Kayetamana est\u00e1 ubicada la primera Tienda Grata, que pertenece al programa Energ\u00eda Grata, y es una iniciativa que la entidad quiere replicar a futuro en m\u00e1s comunidades. Con ella busca promover el potencial productivo y laboral a trav\u00e9s del emprendimiento comunitario. Esta es una estrategia para seguir llevando lo esencial a todos.<\/p>\n<p><strong>Phone: <\/strong>+57<strong>\u00a0<\/strong>3148327638 &#8211; +57 3212295209<br \/>\n<strong>E-mail:\u00a0<\/strong><a href=\"mailto:comunicaciones@tierragrata.org\" target=\"_blank\" rel=\"noopener\">comunicaciones@<wbr \/>tierragrata.org<\/a><br \/>\nCartagena, Colombia<\/p>\n<blockquote><p><strong>CONTRIBUYE AQU\u00cd:<\/strong><\/p>\n<p><a href=\"https:\/\/tierragrata.org\/contribuye\" target=\"_blank\" rel=\"noopener\">https:\/\/tierragrata.org\/contribuye<\/a><\/p><\/blockquote>\n<p>&nbsp;<\/p>\n<p><img loading=\"lazy\" decoding=\"async\" class=\"alignnone size-medium wp-image-46762\" src=\"https:\/\/revistazetta.com\/wp-content\/uploads\/2022\/07\/unnamed-7-400x267.jpg\" alt=\"\" width=\"400\" height=\"267\" srcset=\"https:\/\/revistazetta.com\/wp-content\/uploads\/2022\/07\/unnamed-7-400x267.jpg 400w, https:\/\/revistazetta.com\/wp-content\/uploads\/2022\/07\/unnamed-7-1024x683.jpg 1024w, https:\/\/revistazetta.com\/wp-content\/uploads\/2022\/07\/unnamed-7-1536x1024.jpg 1536w, https:\/\/revistazetta.com\/wp-content\/uploads\/2022\/07\/unnamed-7-2048x1365.jpg 2048w\" sizes=\"auto, (max-width: 400px) 100vw, 400px\" \/><\/p>\n<p><img loading=\"lazy\" decoding=\"async\" class=\"alignnone size-medium wp-image-46763\" src=\"https:\/\/revistazetta.com\/wp-content\/uploads\/2022\/07\/unnamed-8-400x267.jpg\" alt=\"\" width=\"400\" height=\"267\" srcset=\"https:\/\/revistazetta.com\/wp-content\/uploads\/2022\/07\/unnamed-8-400x267.jpg 400w, https:\/\/revistazetta.com\/wp-content\/uploads\/2022\/07\/unnamed-8-1024x683.jpg 1024w, https:\/\/revistazetta.com\/wp-content\/uploads\/2022\/07\/unnamed-8-1536x1024.jpg 1536w, https:\/\/revistazetta.com\/wp-content\/uploads\/2022\/07\/unnamed-8-2048x1365.jpg 2048w\" sizes=\"auto, (max-width: 400px) 100vw, 400px\" \/><\/p>\n","protected":false},"excerpt":{"rendered":"<p>Gracias a la energ\u00eda proveniente de paneles solares, m\u00e1s de cuarenta familias comenzar\u00e1n a disfrutar de productos refrigerados como carnes fr\u00edas, bebidas, frutas y verduras frescas. Riohacha, la Guajira, 27 de julio de 2022.- En la comunidad ind\u00edgena Kayetamana, en el municipio de Riohacha, departamento de La Guajira, los tiempos de desamparo est\u00e1n quedando atr\u00e1s. En junio, los pobladores de la zona se vistieron de fiesta para celebrar la inauguraci\u00f3n de su primera tienda comunitaria que adem\u00e1s funciona con energ\u00eda solar y est\u00e1 dotada con un congelador. La puesta en&#8230; <\/p>\n","protected":false},"author":3,"featured_media":46756,"comment_status":"closed","ping_status":"closed","sticky":false,"template":"","format":"standard","meta":{"footnotes":"","_links_to":"","_links_to_target":""},"categories":[2,34],"tags":[294,310,1080,285,809],"class_list":["post-46755","post","type-post","status-publish","format-standard","has-post-thumbnail","hentry","category-actualidad","category-actualidad-caribe","tag-actualidad","tag-caribe","tag-comunidad-wayuu","tag-destacada","tag-tierra-grata"],"_links":{"self":[{"href":"https:\/\/revistazetta.com\/index.php?rest_route=\/wp\/v2\/posts\/46755","targetHints":{"allow":["GET"]}}],"collection":[{"href":"https:\/\/revistazetta.com\/index.php?rest_route=\/wp\/v2\/posts"}],"about":[{"href":"https:\/\/revistazetta.com\/index.php?rest_route=\/wp\/v2\/types\/post"}],"author":[{"embeddable":true,"href":"https:\/\/revistazetta.com\/index.php?rest_route=\/wp\/v2\/users\/3"}],"replies":[{"embeddable":true,"href":"https:\/\/revistazetta.com\/index.php?rest_route=%2Fwp%2Fv2%2Fcomments&post=46755"}],"version-history":[{"count":0,"href":"https:\/\/revistazetta.com\/index.php?rest_route=\/wp\/v2\/posts\/46755\/revisions"}],"wp:featuredmedia":[{"embeddable":true,"href":"https:\/\/revistazetta.com\/index.php?rest_route=\/wp\/v2\/media\/46756"}],"wp:attachment":[{"href":"https:\/\/revistazetta.com\/index.php?rest_route=%2Fwp%2Fv2%2Fmedia&parent=46755"}],"wp:term":[{"taxonomy":"category","embeddable":true,"href":"https:\/\/revistazetta.com\/index.php?rest_route=%2Fwp%2Fv2%2Fcategories&post=46755"},{"taxonomy":"post_tag","embeddable":true,"href":"https:\/\/revistazetta.com\/index.php?rest_route=%2Fwp%2Fv2%2Ftags&post=46755"}],"curies":[{"name":"wp","href":"https:\/\/api.w.org\/{rel}","templated":true}]}}