{"id":46941,"date":"2022-08-08T09:51:27","date_gmt":"2022-08-08T14:51:27","guid":{"rendered":"https:\/\/revistazetta.com\/?p=46941"},"modified":"2022-08-08T09:51:27","modified_gmt":"2022-08-08T14:51:27","slug":"ajicinto-emprendimiento-con-picante-social","status":"publish","type":"post","link":"https:\/\/revistazetta.com\/?p=46941","title":{"rendered":"Ajicinto, emprendimiento con picante social"},"content":{"rendered":"<p><b><span style=\"color: #000080;\"><em>Cierre del proyecto de fortalecimiento de las capacidades de comercializaci\u00f3n de los productores de aj\u00ed de San Jacinto, \u201cAjicinto<\/em><\/span>\u201d<span class=\"Apple-converted-space\">\u00a0<\/span><\/b><\/p>\n<p><b>Cartagena de Indias, 8 de agosto de 2022.-\u00a0<\/b>El exitoso proyecto de comercializaci\u00f3n de la producci\u00f3n agr\u00edcola familiar de la asociaci\u00f3n productora de aj\u00ed de San Jacinto, Bol\u00edvar, Asproagropuente, tuvo un cierre tan inesperado como esperanzador: la entrega de un veh\u00edculo como unidad productiva para la expansi\u00f3n del negocio.<\/p>\n<p>La iniciativa se desarroll\u00f3 en el marco de una alianza entre la C\u00e1mara de Comercio de Cartagena e INNpulsa, del Ministerio de Comercio, Industria y Turismo de Colombia, la cual, durante 18 meses permiti\u00f3 realizar inversiones, acompa\u00f1amiento, asesor\u00eda y capacitaci\u00f3n a m\u00e1s de 100 agricultores beneficiarios con el fortalecimiento de su unidad productiva.<span class=\"Apple-converted-space\">\u00a0<\/span><\/p>\n<p>Jos\u00e9 Passo Vargas, agricultor asociado Asproagropuente, expres\u00f3 que <b>\u201c<\/b>recibir el apoyo de dos grandes instituciones, como la C\u00e1mara de Comercio de Cartagena e INNpulsa Colombia nos ha permitido fortalecer nuestra asociaci\u00f3n. Estamos mejorando nuestra calidad de vida y eso es lo m\u00e1s importante, por eso el compromiso es total\u201d.<span class=\"Apple-converted-space\">\u00a0<\/span><\/p>\n<p>La<b> <\/b>vicepresidente de Competitividad de la C\u00e1mara de Comercio de Cartagena, Andrea Pi\u00f1a G\u00f3mez, expres\u00f3 que \u201ccon el proyecto se logr\u00f3 mejorar la calidad de vida de m\u00e1s de 100 agricultores de San Jacinto y fortalecer su unidad productiva, lo cual permiti\u00f3 consolidar la cadena de producci\u00f3n, transformaci\u00f3n y comercializaci\u00f3n del aj\u00ed tabasco\u201d.<\/p>\n<p>Juan Felipe L\u00f3pez, ejecutivo de la vicepresidencia de aceleraci\u00f3n y empoderamiento de INNpulsa Colombia, se mostr\u00f3 \u201ccomplacido de los resultados obtenidos con los agricultores de aj\u00ed de San Jacinto, los cuales ya tienen todas las capacidades para la agregaci\u00f3n de valor, transformaci\u00f3n e incremento de sus ventas\u201d.<span class=\"Apple-converted-space\">\u00a0<\/span><\/p>\n<p>Para Cerys Montes, directora de crecimiento empresarial de la CCC, la entidad cameral est\u00e1 dispuesta a apoyar estas iniciativas que brindan herramientas de \u00e9xito al tejido empresarial de Bol\u00edvar, en el que predominan mujeres, jovenes y otras poblaciones priorizadas por los programas.<\/p>\n<p>\u201cAjicinto es el ejemplo por excelencia de que, con empe\u00f1o, preparaci\u00f3n y trabajo en equipo, se pueden lograr grandes \u00e9xitos empresariales\u201d, recalc\u00f3 Montes.<span class=\"Apple-converted-space\">\u00a0<\/span><\/p>\n","protected":false},"excerpt":{"rendered":"<p>Cierre del proyecto de fortalecimiento de las capacidades de comercializaci\u00f3n de los productores de aj\u00ed de San Jacinto, \u201cAjicinto\u201d\u00a0 Cartagena de Indias, 8 de agosto de 2022.-\u00a0El exitoso proyecto de comercializaci\u00f3n de la producci\u00f3n agr\u00edcola familiar de la asociaci\u00f3n productora de aj\u00ed de San Jacinto, Bol\u00edvar, Asproagropuente, tuvo un cierre tan inesperado como esperanzador: la entrega de un veh\u00edculo como unidad productiva para la expansi\u00f3n del negocio. La iniciativa se desarroll\u00f3 en el marco de una alianza entre la C\u00e1mara de Comercio de Cartagena e INNpulsa, del Ministerio de Comercio,&#8230; <\/p>\n","protected":false},"author":3,"featured_media":46942,"comment_status":"closed","ping_status":"closed","sticky":false,"template":"","format":"standard","meta":{"footnotes":"","_links_to":"","_links_to_target":""},"categories":[33,80],"tags":[1108,73,300],"class_list":["post-46941","post","type-post","status-publish","format-standard","has-post-thumbnail","hentry","category-actualidad-bolivar","category-region","tag-ajicinto","tag-bolivar","tag-region"],"_links":{"self":[{"href":"https:\/\/revistazetta.com\/index.php?rest_route=\/wp\/v2\/posts\/46941","targetHints":{"allow":["GET"]}}],"collection":[{"href":"https:\/\/revistazetta.com\/index.php?rest_route=\/wp\/v2\/posts"}],"about":[{"href":"https:\/\/revistazetta.com\/index.php?rest_route=\/wp\/v2\/types\/post"}],"author":[{"embeddable":true,"href":"https:\/\/revistazetta.com\/index.php?rest_route=\/wp\/v2\/users\/3"}],"replies":[{"embeddable":true,"href":"https:\/\/revistazetta.com\/index.php?rest_route=%2Fwp%2Fv2%2Fcomments&post=46941"}],"version-history":[{"count":0,"href":"https:\/\/revistazetta.com\/index.php?rest_route=\/wp\/v2\/posts\/46941\/revisions"}],"wp:featuredmedia":[{"embeddable":true,"href":"https:\/\/revistazetta.com\/index.php?rest_route=\/wp\/v2\/media\/46942"}],"wp:attachment":[{"href":"https:\/\/revistazetta.com\/index.php?rest_route=%2Fwp%2Fv2%2Fmedia&parent=46941"}],"wp:term":[{"taxonomy":"category","embeddable":true,"href":"https:\/\/revistazetta.com\/index.php?rest_route=%2Fwp%2Fv2%2Fcategories&post=46941"},{"taxonomy":"post_tag","embeddable":true,"href":"https:\/\/revistazetta.com\/index.php?rest_route=%2Fwp%2Fv2%2Ftags&post=46941"}],"curies":[{"name":"wp","href":"https:\/\/api.w.org\/{rel}","templated":true}]}}