{"id":46962,"date":"2022-08-09T16:38:50","date_gmt":"2022-08-09T21:38:50","guid":{"rendered":"https:\/\/revistazetta.com\/?p=46962"},"modified":"2022-08-09T16:38:50","modified_gmt":"2022-08-09T21:38:50","slug":"senador-jorge-benedetti-plantea-sacar-del-limbo-al-macroproyecto-del-canal-del-dique","status":"publish","type":"post","link":"https:\/\/revistazetta.com\/?p=46962","title":{"rendered":"Senador Jorge Benedetti plantea sacar del limbo al macroproyecto del Canal del Dique"},"content":{"rendered":"<p><strong>Bogot\u00e1, 9 de agosto de 2022.-<\/strong> El macroproyecto del Canal del Dique es vital para el Caribe y no puede caer en demoras innecesarias, por lo que debe convertirse en prioridad para el nuevo gobierno.<\/p>\n<p>El senador cartagenero Jorge Benedetti Martelo urgi\u00f3 al nuevo gobierno a dar los pasos concretos para materializar este viejo anhelo del Caribe, y plante\u00f3 que diversos sectores sean part\u00edcipes en la soluci\u00f3n.<\/p>\n<p>\u00abNo vamos a descansar hasta que se materialice el macroproyecto del Canal del Dique. Vamos a trabajar para que se le garantice la participaci\u00f3n a las comunidades y el impacto de este genere bienestar y desarrollo ambiental, econ\u00f3mico y social. <a class=\"oajrlxb2 g5ia77u1 qu0x051f esr5mh6w e9989ue4 r7d6kgcz rq0escxv nhd2j8a9 nc684nl6 p7hjln8o kvgmc6g5 cxmmr5t8 oygrvhab hcukyx3x jb3vyjys rz4wbd8a qt6c0cv9 a8nywdso i1ao9s8h esuyzwwr f1sip0of lzcic4wl _aa9_ _a6hd\" tabindex=\"0\" role=\"link\" href=\"https:\/\/www.instagram.com\/explore\/tags\/canaldeldiqueya\/\" target=\"_blank\" rel=\"noopener\">#CanalDelDiqueYA<\/a>\u00a0\u00ab, expres\u00f3 en sus redes sociales.<\/p>\n<p>\u00abMe encuentro muy preocupado por el limbo en el que hoy se encuentra el proyecto del Canal del Dique.\u00a0Quiero pedirle al nuevo gobierno que nos sentemos con los distintos actores sociales, pol\u00edticos y ambientales, para que en un plazo inmediato plazo le demos una soluci\u00f3n clara y precisa a lo que va a ser este macropoeyecto\u00bb.<\/p>\n<blockquote class=\"instagram-media\" style=\"background: #FFF; border: 0; border-radius: 3px; box-shadow: 0 0 1px 0 rgba(0,0,0,0.5),0 1px 10px 0 rgba(0,0,0,0.15); margin: 1px; max-width: 540px; min-width: 326px; padding: 0; width: calc(100% - 2px);\" data-instgrm-captioned=\"\" data-instgrm-permalink=\"https:\/\/www.instagram.com\/reel\/ChBM6CWADoe\/?utm_source=ig_embed&amp;utm_campaign=loading\" data-instgrm-version=\"14\">\n<div style=\"padding: 16px;\">\n<p>&nbsp;<\/p>\n<div style=\"display: flex; flex-direction: row; align-items: center;\">\n<div style=\"background-color: #f4f4f4; border-radius: 50%; flex-grow: 0; height: 40px; margin-right: 14px; width: 40px;\"><\/div>\n<div style=\"display: flex; flex-direction: column; flex-grow: 1; justify-content: center;\">\n<div style=\"background-color: #f4f4f4; border-radius: 4px; flex-grow: 0; height: 14px; margin-bottom: 6px; width: 100px;\"><\/div>\n<div style=\"background-color: #f4f4f4; border-radius: 4px; flex-grow: 0; height: 14px; width: 60px;\"><\/div>\n<\/div>\n<\/div>\n<div style=\"padding: 19% 0;\"><\/div>\n<div style=\"display: block; height: 50px; margin: 0 auto 12px; width: 50px;\"><\/div>\n<div style=\"padding-top: 8px;\">\n<div style=\"color: #3897f0; font-family: Arial,sans-serif; font-size: 14px; font-style: normal; font-weight: 550; line-height: 18px;\">Ver esta publicaci\u00f3n en Instagram<\/div>\n<\/div>\n<div style=\"padding: 12.5% 0;\"><\/div>\n<div style=\"display: flex; flex-direction: row; margin-bottom: 14px; align-items: center;\">\n<div>\n<div style=\"background-color: #f4f4f4; border-radius: 50%; height: 12.5px; width: 12.5px; transform: translateX(0px) translateY(7px);\"><\/div>\n<div style=\"background-color: #f4f4f4; height: 12.5px; transform: rotate(-45deg) translateX(3px) translateY(1px); width: 12.5px; flex-grow: 0; margin-right: 14px; margin-left: 2px;\"><\/div>\n<div style=\"background-color: #f4f4f4; border-radius: 50%; height: 12.5px; width: 12.5px; transform: translateX(9px) translateY(-18px);\"><\/div>\n<\/div>\n<div style=\"margin-left: 8px;\">\n<div style=\"background-color: #f4f4f4; border-radius: 50%; flex-grow: 0; height: 20px; width: 20px;\"><\/div>\n<div style=\"width: 0; height: 0; border-top: 2px solid transparent; border-left: 6px solid #f4f4f4; border-bottom: 2px solid transparent; transform: translateX(16px) translateY(-4px) rotate(30deg);\"><\/div>\n<\/div>\n<div style=\"margin-left: auto;\">\n<div style=\"width: 0px; border-top: 8px solid #F4F4F4; border-right: 8px solid transparent; transform: translateY(16px);\"><\/div>\n<div style=\"background-color: #f4f4f4; flex-grow: 0; height: 12px; width: 16px; transform: translateY(-4px);\"><\/div>\n<div style=\"width: 0; height: 0; border-top: 8px solid #F4F4F4; border-left: 8px solid transparent; transform: translateY(-4px) translateX(8px);\"><\/div>\n<\/div>\n<\/div>\n<div style=\"display: flex; flex-direction: column; flex-grow: 1; justify-content: center; margin-bottom: 24px;\">\n<div style=\"background-color: #f4f4f4; border-radius: 4px; flex-grow: 0; height: 14px; margin-bottom: 6px; width: 224px;\"><\/div>\n<div style=\"background-color: #f4f4f4; border-radius: 4px; flex-grow: 0; height: 14px; width: 144px;\"><\/div>\n<\/div>\n<p>&nbsp;<\/p>\n<p style=\"color: #c9c8cd; font-family: Arial,sans-serif; font-size: 14px; line-height: 17px; margin-bottom: 0; margin-top: 8px; overflow: hidden; padding: 8px 0 7px; text-align: center; text-overflow: ellipsis; white-space: nowrap;\"><a style=\"color: #c9c8cd; font-family: Arial,sans-serif; font-size: 14px; font-style: normal; font-weight: normal; line-height: 17px; text-decoration: none;\" href=\"https:\/\/www.instagram.com\/reel\/ChBM6CWADoe\/?utm_source=ig_embed&amp;utm_campaign=loading\" target=\"_blank\" rel=\"noopener\">Una publicaci\u00f3n compartida por Jorge E. Benedetti Martelo (@jorgeebenedetti)<\/a><\/p>\n<\/div>\n<\/blockquote>\n<p><script async src=\"\/\/www.instagram.com\/embed.js\"><\/script><\/p>\n<p>&nbsp;<\/p>\n<p>El pasado 5 de agosto, el senador Benedetti hab\u00eda expedido este comunicado sobre este vital tema:<\/p>\n<p><img loading=\"lazy\" decoding=\"async\" class=\"alignnone wp-image-46963 size-large\" src=\"https:\/\/revistazetta.com\/wp-content\/uploads\/2022\/08\/FZbiszQXoAAaIMU-1024x1024.jpeg\" alt=\"\" width=\"740\" height=\"740\" srcset=\"https:\/\/revistazetta.com\/wp-content\/uploads\/2022\/08\/FZbiszQXoAAaIMU-1024x1024.jpeg 1024w, https:\/\/revistazetta.com\/wp-content\/uploads\/2022\/08\/FZbiszQXoAAaIMU-400x400.jpeg 400w, https:\/\/revistazetta.com\/wp-content\/uploads\/2022\/08\/FZbiszQXoAAaIMU-300x300.jpeg 300w, https:\/\/revistazetta.com\/wp-content\/uploads\/2022\/08\/FZbiszQXoAAaIMU-80x80.jpeg 80w, https:\/\/revistazetta.com\/wp-content\/uploads\/2022\/08\/FZbiszQXoAAaIMU.jpeg 1080w\" sizes=\"auto, (max-width: 740px) 100vw, 740px\" \/><\/p>\n<p>&nbsp;<\/p>\n","protected":false},"excerpt":{"rendered":"<p>Bogot\u00e1, 9 de agosto de 2022.- El macroproyecto del Canal del Dique es vital para el Caribe y no puede caer en demoras innecesarias, por lo que debe convertirse en prioridad para el nuevo gobierno. El senador cartagenero Jorge Benedetti Martelo urgi\u00f3 al nuevo gobierno a dar los pasos concretos para materializar este viejo anhelo del Caribe, y plante\u00f3 que diversos sectores sean part\u00edcipes en la soluci\u00f3n. \u00abNo vamos a descansar hasta que se materialice el macroproyecto del Canal del Dique. Vamos a trabajar para que se le garantice la&#8230; <\/p>\n","protected":false},"author":3,"featured_media":46964,"comment_status":"closed","ping_status":"closed","sticky":false,"template":"","format":"standard","meta":{"footnotes":"","_links_to":"","_links_to_target":""},"categories":[75],"tags":[],"class_list":["post-46962","post","type-post","status-publish","format-standard","has-post-thumbnail","hentry","category-destacada"],"_links":{"self":[{"href":"https:\/\/revistazetta.com\/index.php?rest_route=\/wp\/v2\/posts\/46962","targetHints":{"allow":["GET"]}}],"collection":[{"href":"https:\/\/revistazetta.com\/index.php?rest_route=\/wp\/v2\/posts"}],"about":[{"href":"https:\/\/revistazetta.com\/index.php?rest_route=\/wp\/v2\/types\/post"}],"author":[{"embeddable":true,"href":"https:\/\/revistazetta.com\/index.php?rest_route=\/wp\/v2\/users\/3"}],"replies":[{"embeddable":true,"href":"https:\/\/revistazetta.com\/index.php?rest_route=%2Fwp%2Fv2%2Fcomments&post=46962"}],"version-history":[{"count":0,"href":"https:\/\/revistazetta.com\/index.php?rest_route=\/wp\/v2\/posts\/46962\/revisions"}],"wp:featuredmedia":[{"embeddable":true,"href":"https:\/\/revistazetta.com\/index.php?rest_route=\/wp\/v2\/media\/46964"}],"wp:attachment":[{"href":"https:\/\/revistazetta.com\/index.php?rest_route=%2Fwp%2Fv2%2Fmedia&parent=46962"}],"wp:term":[{"taxonomy":"category","embeddable":true,"href":"https:\/\/revistazetta.com\/index.php?rest_route=%2Fwp%2Fv2%2Fcategories&post=46962"},{"taxonomy":"post_tag","embeddable":true,"href":"https:\/\/revistazetta.com\/index.php?rest_route=%2Fwp%2Fv2%2Ftags&post=46962"}],"curies":[{"name":"wp","href":"https:\/\/api.w.org\/{rel}","templated":true}]}}