{"id":46968,"date":"2022-08-11T04:23:20","date_gmt":"2022-08-11T09:23:20","guid":{"rendered":"https:\/\/revistazetta.com\/?p=46968"},"modified":"2022-08-11T04:23:20","modified_gmt":"2022-08-11T09:23:20","slug":"acuacar-ejecuta-plan-de-contingencia-por-ruptura-de-tubo-en-ceballos","status":"publish","type":"post","link":"https:\/\/revistazetta.com\/?p=46968","title":{"rendered":"Acuacar ejecuta plan de contingencia por ruptura de tubo en Ceballos"},"content":{"rendered":"<p><span style=\"color: #000080;\"><strong><em>La aver\u00eda fue detectada en inmediaciones del barrio Ceballos, pero se habilit\u00f3 una l\u00ednea de impulsi\u00f3n alterna para no suspender el bombeo y por tanto, solo podr\u00edan registrarse bajas presiones y ausencias parciales del servicio de agua en las zonas suroccidental, norte y tri\u00e1ngulo de desarrollo.<span class=\"Apple-converted-space\">\u00a0<\/span><\/em><\/strong><\/span><\/p>\n<p><strong>Cartagena de Indias, 11 de agosto del 2022.-<\/strong> Un da\u00f1o en un tramo de la tuber\u00eda del acueducto, que impulsa agua potable hacia el Tanque Colinas, en inmediaciones del barrio Ceballos, se registr\u00f3 en la tarde de este mi\u00e9rcoles 10 de agosto de 2022 en Cartagena.<\/p>\n<p>De inmediato Aguas de Cartagena S.A. E.S.P. dispuso su Plan de Contingencia y despleg\u00f3 el personal propio y de contratistas, as\u00ed como equipos necesarios para atender esta emergencia.<\/p>\n<p>Pese a que se procede con la reparaci\u00f3n del segmento averiado, de 600 mil\u00edmetros de di\u00e1metro, no se suspendi\u00f3 el bombeo de agua potable hacia el Tanque Colinas porque fue habilitada una l\u00ednea impulsi\u00f3n alterna. Sin embargo, dependiendo del desarrollo de los trabajos, podr\u00edan registrarse bajas presiones y ausencias del servicio, en los siguientes barrios y sectores:<span class=\"Apple-converted-space\">\u00a0<\/span><\/p>\n<p>El Reposo, El Silencio, Nueva Venecia, Nueva Jerusal\u00e9n, Pardo Leal, La Esmeralda I y II, 2 de Noviembre, Camilo Torres, India Catalina, La Florida, La Sierrita, La Victoria, Mar\u00eda Cano, Nelson Mandela, Nueva Delhi, Rosedal, San Pedro M\u00e1rtir, Sor Teresa de Calcuta, Villa del Rosario, Villa Fanny, Santander, Altos Jardines, El Reposo, El Silencio, Los Ciruelos, Parque Industrial Carlos V\u00e9lez Pombo, La Consolata, Ciudadela 2000, parte de San Fernando, El Educador, Henequ\u00e9n, Nuevos Jardines,<span class=\"Apple-converted-space\">\u00a0 <\/span>Quind\u00edo, La Coquera, Gloria, Las Colinas y Los Olivos, Altos de San Pedro M\u00e1rtir, Coomuldesecar, Las Reinas, Minuto de Dios, Villa Hermosa; La Gaitana, Manuela Vergara de Curi, El Nazareno, Barrio Nuevo, Andr\u00e9s Pastrana, La Central, parte del Carmelo, Jorge Eli\u00e9cer Gait\u00e1n, Kalamar\u00ed, Villa Rubia, Villa \u00c1ngela y alrededores.<\/p>\n<p>Igualmente se podr\u00e1n ver afectados: San Jos\u00e9 de Los Campanos y sus sectores: Revivir, Futuro, Campanitas, Cristo Rey, Esmeralda, Arachera, Campo Alegre, Manantial, Nueva Victoria, Primavera, Rosales, Villa Amelia, Villa Esperanza y Villa Juliana, 3 de Junio, as\u00ed como las edificaciones del tri\u00e1ngulo de desarrollo social: La Carolina, Portal de La Cordialidad, Quintas del Manantial, Horizonte, Bosque de La Ceiba, Bosque de La Circunvalar, Villa Grande de Indias I y II, Villa Andrea, Huellas Alberto Uribe, Huellas Juan Pablo II; urbanizaciones Ciudad del Bicentenario, Flor del Campo, Colombiaton,<span class=\"Apple-converted-space\">\u00a0<\/span><\/p>\n<p>Villas de Aranjuez, Villas de La Candelaria, Portal de Alicante, Portal de La Terminal, El Rodeo, El Poz\u00f3n. entre otros, adem\u00e1s de las empresas Tenaris y la Universidad Tecnol\u00f3gica.<\/p>\n<p>Igualmente se incluye a la zona Norte de Cartagena con las urbanizaciones y complejos habitacionales ubicados en la v\u00eda al Mar: los condominios Barcelona de Indias, Barceloneta, Portal de Las Am\u00e9ricas, Terranova, Serena del Mar y entorno; adem\u00e1s de los corregimientos de Arroyo de Piedra, Punta Canoas, Pontezuela, Bayunca y Manzanillo del Mar y las veredas Tierra Baja y Puerto Rey.<\/p>\n<p>Brigadas y profesionales de la ingenier\u00eda de Acuacar investigan e identifican el sitio donde se registr\u00f3 la aver\u00eda, as\u00ed como la dimensi\u00f3n del da\u00f1o para poder proyectar el respectivo tiempo de reparaci\u00f3n con las menores afectaciones posibles en el servicio de acueducto en los barrios mencionados.<\/p>\n<p>En la medida que la empresa avance en las reparaciones del caso y explore las condiciones del terreno se estar\u00e1 actualizando la informaci\u00f3n.<\/p>\n<p>&nbsp;<\/p>\n","protected":false},"excerpt":{"rendered":"<p>La aver\u00eda fue detectada en inmediaciones del barrio Ceballos, pero se habilit\u00f3 una l\u00ednea de impulsi\u00f3n alterna para no suspender el bombeo y por tanto, solo podr\u00edan registrarse bajas presiones y ausencias parciales del servicio de agua en las zonas suroccidental, norte y tri\u00e1ngulo de desarrollo.\u00a0 Cartagena de Indias, 11 de agosto del 2022.- Un da\u00f1o en un tramo de la tuber\u00eda del acueducto, que impulsa agua potable hacia el Tanque Colinas, en inmediaciones del barrio Ceballos, se registr\u00f3 en la tarde de este mi\u00e9rcoles 10 de agosto de 2022&#8230; <\/p>\n","protected":false},"author":3,"featured_media":46969,"comment_status":"closed","ping_status":"closed","sticky":false,"template":"","format":"standard","meta":{"footnotes":"","_links_to":"","_links_to_target":""},"categories":[3],"tags":[387,292],"class_list":["post-46968","post","type-post","status-publish","format-standard","has-post-thumbnail","hentry","category-ciudad","tag-acuacar","tag-ciudad"],"_links":{"self":[{"href":"https:\/\/revistazetta.com\/index.php?rest_route=\/wp\/v2\/posts\/46968","targetHints":{"allow":["GET"]}}],"collection":[{"href":"https:\/\/revistazetta.com\/index.php?rest_route=\/wp\/v2\/posts"}],"about":[{"href":"https:\/\/revistazetta.com\/index.php?rest_route=\/wp\/v2\/types\/post"}],"author":[{"embeddable":true,"href":"https:\/\/revistazetta.com\/index.php?rest_route=\/wp\/v2\/users\/3"}],"replies":[{"embeddable":true,"href":"https:\/\/revistazetta.com\/index.php?rest_route=%2Fwp%2Fv2%2Fcomments&post=46968"}],"version-history":[{"count":0,"href":"https:\/\/revistazetta.com\/index.php?rest_route=\/wp\/v2\/posts\/46968\/revisions"}],"wp:featuredmedia":[{"embeddable":true,"href":"https:\/\/revistazetta.com\/index.php?rest_route=\/wp\/v2\/media\/46969"}],"wp:attachment":[{"href":"https:\/\/revistazetta.com\/index.php?rest_route=%2Fwp%2Fv2%2Fmedia&parent=46968"}],"wp:term":[{"taxonomy":"category","embeddable":true,"href":"https:\/\/revistazetta.com\/index.php?rest_route=%2Fwp%2Fv2%2Fcategories&post=46968"},{"taxonomy":"post_tag","embeddable":true,"href":"https:\/\/revistazetta.com\/index.php?rest_route=%2Fwp%2Fv2%2Ftags&post=46968"}],"curies":[{"name":"wp","href":"https:\/\/api.w.org\/{rel}","templated":true}]}}