{"id":46972,"date":"2022-08-11T05:01:06","date_gmt":"2022-08-11T10:01:06","guid":{"rendered":"https:\/\/revistazetta.com\/?p=46972"},"modified":"2022-08-11T05:01:06","modified_gmt":"2022-08-11T10:01:06","slug":"aku-mayah-la-voz-cartagenera-que-irrumpe-en-estados-unidos","status":"publish","type":"post","link":"https:\/\/revistazetta.com\/?p=46972","title":{"rendered":"Aku Mayah, la voz cartagenera que irrumpe en Estados Unidos"},"content":{"rendered":"<p><strong>Cartagena de Indias, 11 de agosto de 2022.-<\/strong> La voz de <i>Aku Mayah<\/i> irrumpi\u00f3 desde hace poco en escenarios musicales de Colombia generando impacto como artista, y ahora trasciende internacionalmente con su debut este 05 de agosto en los Estados Unidos.<\/p>\n<p>Aku, que en malayo significa \u201cyo soy\u201d, y Mayah, que dependiendo del lugar simboliza ancestro, divinidad, madre tierra, o diosa de la fertilidad, componen el nombre art\u00edstico de esta joven cartagenera.<\/p>\n<p><img loading=\"lazy\" decoding=\"async\" class=\"alignnone wp-image-46974 size-medium\" src=\"https:\/\/revistazetta.com\/wp-content\/uploads\/2022\/08\/WhatsApp-Image-2022-08-10-at-7.34.26-PM-e1660212031772-400x296.jpeg\" alt=\"\" width=\"400\" height=\"296\" srcset=\"https:\/\/revistazetta.com\/wp-content\/uploads\/2022\/08\/WhatsApp-Image-2022-08-10-at-7.34.26-PM-e1660212031772-400x296.jpeg 400w, https:\/\/revistazetta.com\/wp-content\/uploads\/2022\/08\/WhatsApp-Image-2022-08-10-at-7.34.26-PM-e1660212031772.jpeg 1024w\" sizes=\"auto, (max-width: 400px) 100vw, 400px\" \/><\/p>\n<p>Conjuga sus habilidades en la pintura con la m\u00fasica, la cual ha entrenado desde hace varios a\u00f1os, pero a la que ingres\u00f3 formalmente desde 2021 de la mano de Alfonso \u201cFunkcho\u201d Salas, vocalista de la banda Caribefunk.<span class=\"Apple-converted-space\">\u00a0 <\/span>Sus primeras incursiones en tarima se dieron en algunas ciudades del pa\u00eds, hasta su lanzamiento oficial en Members only<span class=\"Apple-converted-space\">\u00a0 <\/span>y en el restaurante bar Tacos la Neta de Cartagena<span class=\"Apple-converted-space\">\u00a0 <\/span>en mayo pasado.<span class=\"Apple-converted-space\">\u00a0<\/span><\/p>\n<p><i>Aku Mayah<span class=\"Apple-converted-space\">\u00a0<\/span><\/i>realiza actualmente un viaje<span class=\"Apple-converted-space\">\u00a0<\/span>por los Estados Unidos, y el<span class=\"Apple-converted-space\">\u00a0<\/span>viernes 5 de agosto hizo su exitoso debut internacional en el<span class=\"Apple-converted-space\">\u00a0 <\/span>Word<span class=\"Apple-converted-space\">\u00a0 <\/span>L\u00edfe Caf\u00e9 de Philadelphia, como invitada especial de la Banda de Tierra Cliente, donde interpret\u00f3 un repertorio de sus canciones en ritmos africanos, jamaiquinos y<span class=\"Apple-converted-space\">\u00a0<\/span>del folclor colombiano.<\/p>\n<p><img loading=\"lazy\" decoding=\"async\" class=\"alignnone size-medium wp-image-46975\" src=\"https:\/\/revistazetta.com\/wp-content\/uploads\/2022\/08\/WhatsApp-Image-2022-08-10-at-7.34.08-PM-1-320x400.jpeg\" alt=\"\" width=\"320\" height=\"400\" srcset=\"https:\/\/revistazetta.com\/wp-content\/uploads\/2022\/08\/WhatsApp-Image-2022-08-10-at-7.34.08-PM-1-320x400.jpeg 320w, https:\/\/revistazetta.com\/wp-content\/uploads\/2022\/08\/WhatsApp-Image-2022-08-10-at-7.34.08-PM-1-819x1024.jpeg 819w, https:\/\/revistazetta.com\/wp-content\/uploads\/2022\/08\/WhatsApp-Image-2022-08-10-at-7.34.08-PM-1-1229x1536.jpeg 1229w, https:\/\/revistazetta.com\/wp-content\/uploads\/2022\/08\/WhatsApp-Image-2022-08-10-at-7.34.08-PM-1.jpeg 1280w\" sizes=\"auto, (max-width: 320px) 100vw, 320px\" \/><\/p>\n<p>\u201c<i>Mis<span class=\"Apple-converted-space\">\u00a0 <\/span>canciones son un<span class=\"Apple-converted-space\">\u00a0<\/span>manifiesto sobre el aqu\u00ed y ahora, y un llamado a la audiencia a estar en el presente; describen vivencias, cuentan adem\u00e1s la historia de mi proceso personal con la m\u00fasica, mi evoluci\u00f3n como persona, la perspectiva y el modo de ver la vida. El mensaje de las canciones es una invitaci\u00f3n a vivir desde la filosof\u00eda del amor por uno mismo, a tener fe, aceptarse como un ser que tiene miedos pero los supera renov\u00e1ndose constantemente<\/i>\u201d, explica la artista.<\/p>\n<p>A su primera conquista del p\u00fablico internacional le seguir\u00e1 la grabaci\u00f3n de su primer disco, que saldr\u00e1 a finales de agosto con<span class=\"Apple-converted-space\">\u00a0 <\/span>siete canciones, y que coincidir\u00e1 con una gira nacional, y posteriormente proyecta darse a conocer y conquistar p\u00fablico en Europa.<\/p>\n<p>Con el nombre art\u00edstico de Aku Mayah<span class=\"Apple-converted-space\">\u00a0 <\/span>se identifica tambi\u00e9n su banda musical, integrada por Josu\u00e9 Ram\u00edrez en el bajo, Daniel Mestre en las percusiones y Funkcho Salas en la guitarra. Las producciones de esta agrupaci\u00f3n independiente pueden ser vistas en plataformas virtuales y redes sociales como @akumayah.<\/p>\n<p>&nbsp;<\/p>\n","protected":false},"excerpt":{"rendered":"<p>Cartagena de Indias, 11 de agosto de 2022.- La voz de Aku Mayah irrumpi\u00f3 desde hace poco en escenarios musicales de Colombia generando impacto como artista, y ahora trasciende internacionalmente con su debut este 05 de agosto en los Estados Unidos. Aku, que en malayo significa \u201cyo soy\u201d, y Mayah, que dependiendo del lugar simboliza ancestro, divinidad, madre tierra, o diosa de la fertilidad, componen el nombre art\u00edstico de esta joven cartagenera. Conjuga sus habilidades en la pintura con la m\u00fasica, la cual ha entrenado desde hace varios a\u00f1os, pero&#8230; <\/p>\n","protected":false},"author":3,"featured_media":46973,"comment_status":"closed","ping_status":"closed","sticky":false,"template":"","format":"standard","meta":{"footnotes":"","_links_to":"","_links_to_target":""},"categories":[41,43],"tags":[1117,290,304],"class_list":["post-46972","post","type-post","status-publish","format-standard","has-post-thumbnail","hentry","category-cultura","category-cultura-musica","tag-aku-mayah","tag-cultura","tag-musica"],"_links":{"self":[{"href":"https:\/\/revistazetta.com\/index.php?rest_route=\/wp\/v2\/posts\/46972","targetHints":{"allow":["GET"]}}],"collection":[{"href":"https:\/\/revistazetta.com\/index.php?rest_route=\/wp\/v2\/posts"}],"about":[{"href":"https:\/\/revistazetta.com\/index.php?rest_route=\/wp\/v2\/types\/post"}],"author":[{"embeddable":true,"href":"https:\/\/revistazetta.com\/index.php?rest_route=\/wp\/v2\/users\/3"}],"replies":[{"embeddable":true,"href":"https:\/\/revistazetta.com\/index.php?rest_route=%2Fwp%2Fv2%2Fcomments&post=46972"}],"version-history":[{"count":0,"href":"https:\/\/revistazetta.com\/index.php?rest_route=\/wp\/v2\/posts\/46972\/revisions"}],"wp:featuredmedia":[{"embeddable":true,"href":"https:\/\/revistazetta.com\/index.php?rest_route=\/wp\/v2\/media\/46973"}],"wp:attachment":[{"href":"https:\/\/revistazetta.com\/index.php?rest_route=%2Fwp%2Fv2%2Fmedia&parent=46972"}],"wp:term":[{"taxonomy":"category","embeddable":true,"href":"https:\/\/revistazetta.com\/index.php?rest_route=%2Fwp%2Fv2%2Fcategories&post=46972"},{"taxonomy":"post_tag","embeddable":true,"href":"https:\/\/revistazetta.com\/index.php?rest_route=%2Fwp%2Fv2%2Ftags&post=46972"}],"curies":[{"name":"wp","href":"https:\/\/api.w.org\/{rel}","templated":true}]}}