{"id":47073,"date":"2022-08-17T10:25:32","date_gmt":"2022-08-17T15:25:32","guid":{"rendered":"https:\/\/revistazetta.com\/?p=47073"},"modified":"2022-08-17T10:44:31","modified_gmt":"2022-08-17T15:44:31","slug":"bancos-deben-asumir-costo-de-avaluos-y-estudios-de-titulos-en-creditos-inmobiliarios","status":"publish","type":"post","link":"https:\/\/revistazetta.com\/?p=47073","title":{"rendered":"Bancos deben asumir costo de aval\u00faos y estudios de t\u00edtulos en cr\u00e9ditos inmobiliarios"},"content":{"rendered":"<p><strong>Bogot\u00e1, 16 de agosto de 2022.-<\/strong> Los costos de los\u00a0aval\u00faos comerciales y estudios de t\u00edtulos que demande el tr\u00e1mite de cr\u00e9ditos inmobiliarios deber\u00e1n ser asumidos por el sistema bancario colombiano.<\/p>\n<p>Este es el objeto principal de un proyecto de ley presentado por el representante por Bol\u00edvar Yamilito Arana, y que recibi\u00f3 aprobaci\u00f3n en segundo debate en plenaria de la C\u00e1mara de Representantes.<\/p>\n<p>\u00abEsta es una iniciativa para que los bancos contribuyan a que m\u00e1s colombianos tengan vivienda propia\u00bb, explic\u00f3 Arana Padau\u00ed.<\/p>\n<p><iframe loading=\"lazy\" title=\"YouTube video player\" src=\"https:\/\/www.youtube.com\/embed\/1h0G-r2J-Mc\" width=\"560\" height=\"315\" frameborder=\"0\" allowfullscreen=\"allowfullscreen\"><\/iframe><\/p>\n<p>La iniciativa cuenta con el respaldo de la bancada conservadora por Bol\u00edvar. El representante Andr\u00e9s Montes dijo: \u00abEste proyecto ser\u00e1 de suma relevancia para el acceso a vivienda, ya que el costo de los aval\u00faos comerciales y estudios de t\u00edtulos pasar\u00e1 a ser responsabilidad de los bancos e instituciones de financiamiento\u00bb.<\/p>\n<p>El representante Fernando Ni\u00f1o expres\u00f3: \u00abQueremos que el sector financiero ponga de su parte para que las familias colombianas puedan adquirir su vivienda propia. As\u00ed mismo, este sector se beneficiar\u00e1 porque realizar\u00e1n m\u00e1s cr\u00e9ditos hipotecarios\u00bb.<\/p>\n<p>En su intervenci\u00f3n ante la plenaria, Yamilito Arana record\u00f3 que tras la crisis financiera de los a\u00f1os 90, el Estado colombiano hizo un gran esfuerzo por rescatar a los bancos. \u00abHoy es la ciudadan\u00eda la que le pide a los bancos que se pongan la mano en el coraz\u00f3n, que ganen un poquito menos, pero que aporten al crecimiento del pa\u00eds, y en este caso, aporten para que la gente tenga vivienda propia\u00bb.<\/p>\n<p>\u00abNo puede ser que en Colombia tengamos las tasas m\u00e1s bajas de propietarios de vivienda en Am\u00e9rica Latina. Solamente el 39% de los colombianos tienen vivienda propia comparado con pa\u00edses como Chile, que tiene el 82%\u00bb.<\/p>\n<p>\u00abLos invito a que hagamos de Colombia un pa\u00eds de propietarios\u00bb, puntualiz\u00f3.<\/p>\n","protected":false},"excerpt":{"rendered":"<p>Bogot\u00e1, 16 de agosto de 2022.- Los costos de los\u00a0aval\u00faos comerciales y estudios de t\u00edtulos que demande el tr\u00e1mite de cr\u00e9ditos inmobiliarios deber\u00e1n ser asumidos por el sistema bancario colombiano. Este es el objeto principal de un proyecto de ley presentado por el representante por Bol\u00edvar Yamilito Arana, y que recibi\u00f3 aprobaci\u00f3n en segundo debate en plenaria de la C\u00e1mara de Representantes. \u00abEsta es una iniciativa para que los bancos contribuyan a que m\u00e1s colombianos tengan vivienda propia\u00bb, explic\u00f3 Arana Padau\u00ed. La iniciativa cuenta con el respaldo de la bancada&#8230; <\/p>\n","protected":false},"author":3,"featured_media":47074,"comment_status":"closed","ping_status":"closed","sticky":false,"template":"","format":"standard","meta":{"footnotes":"","_links_to":"","_links_to_target":""},"categories":[336,75,4],"tags":[424,1138,338,285,423,298,247],"class_list":["post-47073","post","type-post","status-publish","format-standard","has-post-thumbnail","hentry","category-camara-de-representantes","category-destacada","category-politica","tag-andres-montes","tag-bancos","tag-camara-de-representantes","tag-destacada","tag-fernando-nino","tag-politica","tag-yamilito-arana"],"_links":{"self":[{"href":"https:\/\/revistazetta.com\/index.php?rest_route=\/wp\/v2\/posts\/47073","targetHints":{"allow":["GET"]}}],"collection":[{"href":"https:\/\/revistazetta.com\/index.php?rest_route=\/wp\/v2\/posts"}],"about":[{"href":"https:\/\/revistazetta.com\/index.php?rest_route=\/wp\/v2\/types\/post"}],"author":[{"embeddable":true,"href":"https:\/\/revistazetta.com\/index.php?rest_route=\/wp\/v2\/users\/3"}],"replies":[{"embeddable":true,"href":"https:\/\/revistazetta.com\/index.php?rest_route=%2Fwp%2Fv2%2Fcomments&post=47073"}],"version-history":[{"count":0,"href":"https:\/\/revistazetta.com\/index.php?rest_route=\/wp\/v2\/posts\/47073\/revisions"}],"wp:featuredmedia":[{"embeddable":true,"href":"https:\/\/revistazetta.com\/index.php?rest_route=\/wp\/v2\/media\/47074"}],"wp:attachment":[{"href":"https:\/\/revistazetta.com\/index.php?rest_route=%2Fwp%2Fv2%2Fmedia&parent=47073"}],"wp:term":[{"taxonomy":"category","embeddable":true,"href":"https:\/\/revistazetta.com\/index.php?rest_route=%2Fwp%2Fv2%2Fcategories&post=47073"},{"taxonomy":"post_tag","embeddable":true,"href":"https:\/\/revistazetta.com\/index.php?rest_route=%2Fwp%2Fv2%2Ftags&post=47073"}],"curies":[{"name":"wp","href":"https:\/\/api.w.org\/{rel}","templated":true}]}}