{"id":47089,"date":"2022-08-19T06:56:47","date_gmt":"2022-08-19T11:56:47","guid":{"rendered":"https:\/\/revistazetta.com\/?p=47089"},"modified":"2022-08-19T06:56:47","modified_gmt":"2022-08-19T11:56:47","slug":"cultura-en-movimiento-formacion-artistica-en-comunidades-victimas-del-conflicto-en-bolivar","status":"publish","type":"post","link":"https:\/\/revistazetta.com\/?p=47089","title":{"rendered":"\u00abCultura en Movimiento\u00bb, formaci\u00f3n art\u00edstica en comunidades v\u00edctimas del conflicto en Bol\u00edvar"},"content":{"rendered":"<p>La estrategia que hace parte del Programa de Concertaci\u00f3n Cultural del Ministerio de Cultura y fue desarrollada por la Gobernaci\u00f3n de Bol\u00edvar a trav\u00e9s de ICULTUR llevando paz y formaci\u00f3n art\u00edstica a los municipios de Arroyo Hondo, San Estanislao de Kostka, Hato Viejo, corregimiento de Calamar, y Ca\u00f1averal, corregimiento de Turbaco.<\/p>\n<p><strong>Bol\u00edvar, 19 de agosto de 2022.-<\/strong> Un nuevo recorrido cultural en comunidades v\u00edctimas del conflicto armado emprendi\u00f3 la Gobernaci\u00f3n de Bol\u00edvar a trav\u00e9s de ICULTUR, gracias al programa de Concertaci\u00f3n Cultural del Ministerio de Cultura en su segunda fase.<\/p>\n<p>Esta alianza entre la administraci\u00f3n del Bol\u00edvar Primero y el Ministerio de Cultura tuvo como finalidad fortalecer los procesos de formaci\u00f3n art\u00edstica en cuatro municipios v\u00edctimas del conflicto: Arroyo Hondo, San Estanislao de Kostka, Hato Viejo, corregimiento de Calamar y Ca\u00f1averal corregimiento del municipio de Turbaco, fueron las comunidades beneficiadas.<\/p>\n<p>\u00abMuchas gracias a todos los artistas en estas comunidades por su disposici\u00f3n y entrega, hoy m\u00e1s que nunca nuestra cultura est\u00e1 en movimiento y dando pasos agigantados hacia el desarrollo. Estoy gratamente complacido con el trabajo de todo nuestro equipo, en especial de los formadores por su disposici\u00f3n y entrega con el fin de sembrar una semilla de paz en todas las comunidades beneficiadas\u00bb expres\u00f3 Iv\u00e1n Sanes, Director de ICULTUR.<\/p>\n<p>La Gobernaci\u00f3n de Bol\u00edvar a trav\u00e9s de ICULTUR fortaleci\u00f3 procesos de formaci\u00f3n art\u00edstica en m\u00fasica tradicional a cargo de Geraldo Salcedo, patrullero cultural; danzas folcl\u00f3ricas a cargo del maestro Geovani Barandica; t\u00e9cnica vocal con la maestra Norela Prada y emprendimiento con el maestro Henry Gonz\u00e1lez, adem\u00e1s como valor agregado e innovador en esta segunda fase se fortalecieron procesos y grupos art\u00edsticos en artes pl\u00e1sticas con la maestra Zilath Escamilla, m\u00fasica de acorde\u00f3n con el heredero de la cumbia Yeison Landero, lectoescritura musical a trav\u00e9s del maestro Luis Jerez y bandas bolivarenses a cargo del coordinador de la red de escuelas de m\u00fasica de Bol\u00edvar, Alfonso C\u00e1rdenas.<\/p>\n<p>Cultura en Movimiento en esta segunda fase se desarroll\u00f3 en tres momentos importantes, el primero consisti\u00f3 en realizar una socializaci\u00f3n, luego se realiz\u00f3 un proceso de fortalecimiento art\u00edstico semipresencial y el tercer y \u00faltimo momento consisti\u00f3 en realizar una muestra virtual que permita visibilizar el fortalecimiento de los grupos art\u00edsticos, a trav\u00e9s de las redes sociales de ICULTUR y la Gobernaci\u00f3n de Bol\u00edvar.<\/p>\n<p>Todos los detalles de estos procesos y talleres de formaci\u00f3n cultural se podr\u00e1n apreciar a trav\u00e9s de un programa especial que se emitir\u00e1 el viernes 19 de agosto a las 4 de la tarde a trav\u00e9s del Facebook Live del Instituto de Cultura y Turismo ICULTUR y de la Gobernaci\u00f3n de Bol\u00edvar.<\/p>\n","protected":false},"excerpt":{"rendered":"<p>La estrategia que hace parte del Programa de Concertaci\u00f3n Cultural del Ministerio de Cultura y fue desarrollada por la Gobernaci\u00f3n de Bol\u00edvar a trav\u00e9s de ICULTUR llevando paz y formaci\u00f3n art\u00edstica a los municipios de Arroyo Hondo, San Estanislao de Kostka, Hato Viejo, corregimiento de Calamar, y Ca\u00f1averal, corregimiento de Turbaco. Bol\u00edvar, 19 de agosto de 2022.- Un nuevo recorrido cultural en comunidades v\u00edctimas del conflicto armado emprendi\u00f3 la Gobernaci\u00f3n de Bol\u00edvar a trav\u00e9s de ICULTUR, gracias al programa de Concertaci\u00f3n Cultural del Ministerio de Cultura en su segunda fase&#8230;. <\/p>\n","protected":false},"author":3,"featured_media":47090,"comment_status":"closed","ping_status":"closed","sticky":false,"template":"","format":"standard","meta":{"footnotes":"","_links_to":"","_links_to_target":""},"categories":[41],"tags":[290,1141,370],"class_list":["post-47089","post","type-post","status-publish","format-standard","has-post-thumbnail","hentry","category-cultura","tag-cultura","tag-cultura-en-movimiento","tag-icultur"],"_links":{"self":[{"href":"https:\/\/revistazetta.com\/index.php?rest_route=\/wp\/v2\/posts\/47089","targetHints":{"allow":["GET"]}}],"collection":[{"href":"https:\/\/revistazetta.com\/index.php?rest_route=\/wp\/v2\/posts"}],"about":[{"href":"https:\/\/revistazetta.com\/index.php?rest_route=\/wp\/v2\/types\/post"}],"author":[{"embeddable":true,"href":"https:\/\/revistazetta.com\/index.php?rest_route=\/wp\/v2\/users\/3"}],"replies":[{"embeddable":true,"href":"https:\/\/revistazetta.com\/index.php?rest_route=%2Fwp%2Fv2%2Fcomments&post=47089"}],"version-history":[{"count":0,"href":"https:\/\/revistazetta.com\/index.php?rest_route=\/wp\/v2\/posts\/47089\/revisions"}],"wp:featuredmedia":[{"embeddable":true,"href":"https:\/\/revistazetta.com\/index.php?rest_route=\/wp\/v2\/media\/47090"}],"wp:attachment":[{"href":"https:\/\/revistazetta.com\/index.php?rest_route=%2Fwp%2Fv2%2Fmedia&parent=47089"}],"wp:term":[{"taxonomy":"category","embeddable":true,"href":"https:\/\/revistazetta.com\/index.php?rest_route=%2Fwp%2Fv2%2Fcategories&post=47089"},{"taxonomy":"post_tag","embeddable":true,"href":"https:\/\/revistazetta.com\/index.php?rest_route=%2Fwp%2Fv2%2Ftags&post=47089"}],"curies":[{"name":"wp","href":"https:\/\/api.w.org\/{rel}","templated":true}]}}