{"id":47095,"date":"2022-08-19T16:09:58","date_gmt":"2022-08-19T21:09:58","guid":{"rendered":"https:\/\/revistazetta.com\/?p=47095"},"modified":"2022-08-19T16:25:38","modified_gmt":"2022-08-19T21:25:38","slug":"examen-para-cargo-de-contralor-distrital-se-cumplio-sin-sobresaltos","status":"publish","type":"post","link":"https:\/\/revistazetta.com\/?p=47095","title":{"rendered":"Examen para cargo de contralor distrital se cumpli\u00f3 sin sobresaltos"},"content":{"rendered":"<p><strong>Cartagena del Indias, 19 de agosto de 2022.-<\/strong> Entre tensiones disipadas se cumpli\u00f3 este viernes \u00a0la prueba de conocimientos para los 20 aspirantes al cargo de Contralor Distrital de Cartagena de Indias.<\/p>\n<p>La prueba de conocimientos se cumpli\u00f3 en el sal\u00f3n Orlando Fals Borda del tercer piso del claustro de \u00a0San Agust\u00edn de la Universidad de Cartagena, a donde llegaron 20 de los 25 postulados.<\/p>\n<p>A diferencia de la prueba anterior, cancelada por serias anomal\u00edas en su cumplimiento, en esta ocasi\u00f3n hubo esmero por dar garant\u00edas: a la entrada se exigi\u00f3 la c\u00e9dula de cada postulante, hubo un operativo de seguridad para las pruebas e, incluso, se impidi\u00f3 que los participantes entregaran celulares durante la prueba.<\/p>\n<p>Tambi\u00e9n hubo presencia de la Procuradur\u00eda General de la Naci\u00f3n, y el \u00fanico medio de comunicaci\u00f3n que estuvo presente fue Revista Zetta.<\/p>\n<p>La elecci\u00f3n de contralor distrital ha sido una piedra en el zapato de la vida institucional de Cartagena, con Nubia fontalvo, tras lo cual sobrevino un esc\u00e1ndalo de corrupci\u00f3n.<\/p>\n<p>La ciudadan\u00eda espera que luego de cinco a\u00f1os de interinidad, por fin el Concejo elija a un contralor distrital.<\/p>\n<p>&nbsp;<\/p>\n<p><iframe loading=\"lazy\" title=\"YouTube video player\" src=\"https:\/\/www.youtube.com\/embed\/2EIyWkA_F_Y\" width=\"560\" height=\"315\" frameborder=\"0\" allowfullscreen=\"allowfullscreen\"><\/iframe><\/p>\n","protected":false},"excerpt":{"rendered":"<p>Cartagena del Indias, 19 de agosto de 2022.- Entre tensiones disipadas se cumpli\u00f3 este viernes \u00a0la prueba de conocimientos para los 20 aspirantes al cargo de Contralor Distrital de Cartagena de Indias. La prueba de conocimientos se cumpli\u00f3 en el sal\u00f3n Orlando Fals Borda del tercer piso del claustro de \u00a0San Agust\u00edn de la Universidad de Cartagena, a donde llegaron 20 de los 25 postulados. A diferencia de la prueba anterior, cancelada por serias anomal\u00edas en su cumplimiento, en esta ocasi\u00f3n hubo esmero por dar garant\u00edas: a la entrada se&#8230; <\/p>\n","protected":false},"author":3,"featured_media":47097,"comment_status":"closed","ping_status":"closed","sticky":false,"template":"","format":"standard","meta":{"footnotes":"","_links_to":"","_links_to_target":""},"categories":[75],"tags":[195,1096,285,298],"class_list":["post-47095","post","type-post","status-publish","format-standard","has-post-thumbnail","hentry","category-destacada","tag-concejo-de-cartagena","tag-contraloria-distrital","tag-destacada","tag-politica"],"_links":{"self":[{"href":"https:\/\/revistazetta.com\/index.php?rest_route=\/wp\/v2\/posts\/47095","targetHints":{"allow":["GET"]}}],"collection":[{"href":"https:\/\/revistazetta.com\/index.php?rest_route=\/wp\/v2\/posts"}],"about":[{"href":"https:\/\/revistazetta.com\/index.php?rest_route=\/wp\/v2\/types\/post"}],"author":[{"embeddable":true,"href":"https:\/\/revistazetta.com\/index.php?rest_route=\/wp\/v2\/users\/3"}],"replies":[{"embeddable":true,"href":"https:\/\/revistazetta.com\/index.php?rest_route=%2Fwp%2Fv2%2Fcomments&post=47095"}],"version-history":[{"count":0,"href":"https:\/\/revistazetta.com\/index.php?rest_route=\/wp\/v2\/posts\/47095\/revisions"}],"wp:featuredmedia":[{"embeddable":true,"href":"https:\/\/revistazetta.com\/index.php?rest_route=\/wp\/v2\/media\/47097"}],"wp:attachment":[{"href":"https:\/\/revistazetta.com\/index.php?rest_route=%2Fwp%2Fv2%2Fmedia&parent=47095"}],"wp:term":[{"taxonomy":"category","embeddable":true,"href":"https:\/\/revistazetta.com\/index.php?rest_route=%2Fwp%2Fv2%2Fcategories&post=47095"},{"taxonomy":"post_tag","embeddable":true,"href":"https:\/\/revistazetta.com\/index.php?rest_route=%2Fwp%2Fv2%2Ftags&post=47095"}],"curies":[{"name":"wp","href":"https:\/\/api.w.org\/{rel}","templated":true}]}}