{"id":47124,"date":"2022-08-23T06:29:14","date_gmt":"2022-08-23T11:29:14","guid":{"rendered":"https:\/\/revistazetta.com\/?p=47124"},"modified":"2022-08-23T06:29:14","modified_gmt":"2022-08-23T11:29:14","slug":"rendicion-de-cuentas-del-concejo-en-primer-semestre-2022-101-sesiones-y-20-proyectos-de-acuerdo","status":"publish","type":"post","link":"https:\/\/revistazetta.com\/?p=47124","title":{"rendered":"Rendici\u00f3n de Cuentas del Concejo en primer semestre 2022: 101 sesiones y 20 proyectos de acuerdo"},"content":{"rendered":"<p><b>Cartagena, 22 de agosto de 2022<\/b>. El Concejo Distrital de Cartagena de Indias realiz\u00f3 la Audiencia P\u00fablica de Rendici\u00f3n de Cuentas del primer semestre 2022, para darle cumplimiento a la Constituci\u00f3n Pol\u00edtica de Colombia de 1991, Ley 42 de 1993, Ley 1712 de 2014 y 1757 de 2015, art\u00edculo 59 que establece el deber de rendir cuentas a las Corporaciones P\u00fablicas.<\/p>\n<p>En esta ocasi\u00f3n la presentaci\u00f3n de cada informe se realiz\u00f3 por comisiones y bancadas, socializando a la ciudadan\u00eda cartagenera todo el trabajo realizado desde el recinto de la democracia en pro de Cartagena.<\/p>\n<p>La presidenta de la corporaci\u00f3n, Gloria Estrada, resalt\u00f3 el trabajo de todos los concejales y el compromiso que cada cabildante tiene por mejorar la calidad de vida de todos los cartageneros.<\/p>\n<p><b>Resumen de la rendici\u00f3n:\u00a0<\/b><\/p>\n<div dir=\"auto\">\n<p><b>PROYECTOS DE ACUERDO PRESENTADOS POR LA CORPORACI\u00d3N\u00a0<\/b><\/p>\n<p><b>POR PARTIDO:<\/b><\/p>\n<p>\u00b7\u00a0\u00a0\u00a0\u00a0\u00a0\u00a0 PARTIDO DE LA U\u00a0\u00a0\u00a0\u00a0\u00a0\u00a0\u00a0 \u00a0\u00a0\u00a0\u00a0\u00a0\u00a0\u00a0 \u00a0\u00a0\u00a0\u00a0\u00a0\u00a0\u00a0 OCHO\u00a0 (8)<\/p>\n<p>\u00b7\u00a0\u00a0\u00a0\u00a0\u00a0\u00a0 COALICION ALTERNATIVA: \u00a0\u00a0\u00a0\u00a0\u00a0\u00a0\u00a0\u00a0 \u00a0\u00a0\u00a0\u00a0\u00a0\u00a0\u00a0\u00a0 \u00a0DOS\u00a0\u00a0 \u00a0(2)<\/p>\n<p>\u00b7\u00a0\u00a0\u00a0\u00a0\u00a0\u00a0 CONSERVADOR:\u00a0 \u00a0 \u00a0 \u00a0 \u00a0 \u00a0 \u00a0 \u00a0 \u00a0 \u00a0 \u00a0 \u00a0 \u00a0 \u00a0UNO \u00a0\u00a0\u00a0(1)<\/p>\n<p><b>PRESENTADOS POR VARIAS BANCADAS:<\/b><\/p>\n<p>\u00b7\u00a0ASI, MIRA Y LIBERAL\u00a0 \u00a0 \u00a0 \u00a0 \u00a0 \u00a0 \u00a0 \u00a0 \u00a0 \u00a0 \u00a0 \u00a0 \u00a0UNO (1)<\/p>\n<p>\u00b7\u00a0\u00a0\u00a0\u00a0\u00a0\u00a0 ASI Y MIRA\u00a0 \u00a0 \u00a0 \u00a0 \u00a0 \u00a0 \u00a0 \u00a0 \u00a0 \u00a0 \u00a0 \u00a0 \u00a0 \u00a0 \u00a0 \u00a0 \u00a0 \u00a0 \u00a0 \u00a0UNO (1)<\/p>\n<p><b>Balance de proyectos de acuerdo presentados<\/b><\/p>\n<p>&nbsp;<\/p>\n<p>\u2022 EJECUTIVO: SIETE (7)<\/p>\n<p>\u2022 CORPORACION: TRECE (13)<\/p>\n<p>&nbsp;<\/p>\n<\/div>\n<p><b>Proposiciones\u00a0<\/b><\/p>\n<table border=\"0\" cellspacing=\"0\" cellpadding=\"0\">\n<tbody>\n<tr>\n<td valign=\"top\">PARTIDO DE LA U<\/td>\n<td valign=\"top\">23<\/td>\n<\/tr>\n<tr>\n<td valign=\"top\">PARTIDO CONSERVADOR<\/td>\n<td valign=\"top\">23<\/td>\n<\/tr>\n<tr>\n<td valign=\"top\">CAMBIO RADICAL<\/td>\n<td valign=\"top\">4<\/td>\n<\/tr>\n<tr>\n<td valign=\"top\">PARTIDO LIBERAL<\/td>\n<td valign=\"top\">9<\/td>\n<\/tr>\n<tr>\n<td valign=\"top\">ALIANZA VERDE<\/td>\n<td valign=\"top\">20<\/td>\n<\/tr>\n<tr>\n<td valign=\"top\">ASI<\/td>\n<td valign=\"top\">13<\/td>\n<\/tr>\n<tr>\n<td valign=\"top\">MIRA<\/td>\n<td valign=\"top\">0<\/td>\n<\/tr>\n<tr>\n<td valign=\"top\">COALICI\u00d3N ALTERNATIVA<\/td>\n<td valign=\"top\">12<\/td>\n<\/tr>\n<tr>\n<td valign=\"top\">MESA DIRECTIVA<\/td>\n<td valign=\"top\">0<\/td>\n<\/tr>\n<tr>\n<td valign=\"top\">TODAS LAS BANCADAS<\/td>\n<td valign=\"top\">2<\/td>\n<\/tr>\n<tr>\n<td valign=\"top\"><b>TOTAL<\/b><\/td>\n<td valign=\"top\"><b>106<\/b><\/td>\n<\/tr>\n<\/tbody>\n<\/table>\n<p>&nbsp;<\/p>\n<table border=\"0\" cellspacing=\"0\" cellpadding=\"0\">\n<tbody>\n<tr>\n<td valign=\"top\">Proposiciones de Control Pol\u00edtico<\/td>\n<td valign=\"top\">61<\/td>\n<\/tr>\n<tr>\n<td valign=\"top\">Proposiciones Protocolarias<\/td>\n<td valign=\"top\">5<\/td>\n<\/tr>\n<tr>\n<td valign=\"top\"><b>TOTAL<\/b><\/td>\n<td valign=\"top\"><b>66<\/b><\/td>\n<\/tr>\n<\/tbody>\n<\/table>\n<p>&nbsp;<\/p>\n<p><b>Total de sesiones<\/b><\/p>\n<p><b>\u00a0<\/b><\/p>\n<table border=\"0\" cellspacing=\"0\" cellpadding=\"0\">\n<tbody>\n<tr>\n<td valign=\"top\"><b>SESIONES<\/b><\/td>\n<td valign=\"top\"><b>CANTIDAD<\/b><\/td>\n<\/tr>\n<tr>\n<td valign=\"top\">Total, Sesiones Ordinarias realizadas<\/td>\n<td valign=\"top\">77<\/td>\n<\/tr>\n<tr>\n<td valign=\"top\">Total, sesiones realizadas en Prorrogas de Ordinarias<\/td>\n<td valign=\"top\">4<\/td>\n<\/tr>\n<tr>\n<td valign=\"top\">Total, sesiones Extraordinarias<\/td>\n<td valign=\"top\">20<\/td>\n<\/tr>\n<tr>\n<td valign=\"top\"><b>TOTAL, SESIONES A\u00d1O 2020<\/b><\/td>\n<td valign=\"top\"><b>101<\/b><\/td>\n<\/tr>\n<\/tbody>\n<\/table>\n<p>&nbsp;<\/p>\n","protected":false},"excerpt":{"rendered":"<p>Cartagena, 22 de agosto de 2022. El Concejo Distrital de Cartagena de Indias realiz\u00f3 la Audiencia P\u00fablica de Rendici\u00f3n de Cuentas del primer semestre 2022, para darle cumplimiento a la Constituci\u00f3n Pol\u00edtica de Colombia de 1991, Ley 42 de 1993, Ley 1712 de 2014 y 1757 de 2015, art\u00edculo 59 que establece el deber de rendir cuentas a las Corporaciones P\u00fablicas. En esta ocasi\u00f3n la presentaci\u00f3n de cada informe se realiz\u00f3 por comisiones y bancadas, socializando a la ciudadan\u00eda cartagenera todo el trabajo realizado desde el recinto de la democracia&#8230; <\/p>\n","protected":false},"author":3,"featured_media":47125,"comment_status":"closed","ping_status":"closed","sticky":false,"template":"","format":"standard","meta":{"footnotes":"","_links_to":"","_links_to_target":""},"categories":[27,4],"tags":[143,195,573,298,481],"class_list":["post-47124","post","type-post","status-publish","format-standard","has-post-thumbnail","hentry","category-politicaconcejo","category-politica","tag-concejo","tag-concejo-de-cartagena","tag-gloria-estrada","tag-politica","tag-rendicion-de-cuentas"],"_links":{"self":[{"href":"https:\/\/revistazetta.com\/index.php?rest_route=\/wp\/v2\/posts\/47124","targetHints":{"allow":["GET"]}}],"collection":[{"href":"https:\/\/revistazetta.com\/index.php?rest_route=\/wp\/v2\/posts"}],"about":[{"href":"https:\/\/revistazetta.com\/index.php?rest_route=\/wp\/v2\/types\/post"}],"author":[{"embeddable":true,"href":"https:\/\/revistazetta.com\/index.php?rest_route=\/wp\/v2\/users\/3"}],"replies":[{"embeddable":true,"href":"https:\/\/revistazetta.com\/index.php?rest_route=%2Fwp%2Fv2%2Fcomments&post=47124"}],"version-history":[{"count":0,"href":"https:\/\/revistazetta.com\/index.php?rest_route=\/wp\/v2\/posts\/47124\/revisions"}],"wp:featuredmedia":[{"embeddable":true,"href":"https:\/\/revistazetta.com\/index.php?rest_route=\/wp\/v2\/media\/47125"}],"wp:attachment":[{"href":"https:\/\/revistazetta.com\/index.php?rest_route=%2Fwp%2Fv2%2Fmedia&parent=47124"}],"wp:term":[{"taxonomy":"category","embeddable":true,"href":"https:\/\/revistazetta.com\/index.php?rest_route=%2Fwp%2Fv2%2Fcategories&post=47124"},{"taxonomy":"post_tag","embeddable":true,"href":"https:\/\/revistazetta.com\/index.php?rest_route=%2Fwp%2Fv2%2Ftags&post=47124"}],"curies":[{"name":"wp","href":"https:\/\/api.w.org\/{rel}","templated":true}]}}