{"id":47126,"date":"2022-08-23T06:48:44","date_gmt":"2022-08-23T11:48:44","guid":{"rendered":"https:\/\/revistazetta.com\/?p=47126"},"modified":"2022-08-24T16:54:50","modified_gmt":"2022-08-24T21:54:50","slug":"sudeb-abrio-los-ojos-y-por-fin-protesta-por-abandono-de-la-educacion-bajo-el-desgobierno-dau","status":"publish","type":"post","link":"https:\/\/revistazetta.com\/?p=47126","title":{"rendered":"Sudeb abri\u00f3 los ojos y por fin protesta por abandono de la Educaci\u00f3n bajo el desgobierno Dau"},"content":{"rendered":"<p><strong>Cartagena de Indias, 23 de agosto de 2022.-<\/strong> Uno de los pocos sectores que a\u00fan se manten\u00edan en silencio ante el desgobierno de William Dau era el Sindicato de Educadores, que frente a anteriores gobernantes se mostr\u00f3 cr\u00edtico y erguido, pero demor\u00f3 32 meses para abrir los ojos y percatarse del desastre educativo del Distrito.<\/p>\n<p>Luego de una reuni\u00f3n extraordinaria entre el SUDEB, USDIDBOL, SINTRENAL y Directivos Docentes, desarrollada el d\u00eda jueves 18 de agosto, se concluy\u00f3 que el \u00fanico responsable de la afectaci\u00f3n del servicio educativo en la ciudad de Cartagena es la administraci\u00f3n distrital en cabeza de William Dau.<\/p>\n<p>De igual manera, se advirti\u00f3 en esa reuni\u00f3n que debido a la falta de garant\u00edas de higiene y salubridad no puede haber normalidad acad\u00e9mica en las Instituciones Educativas Oficiales del Distrito de Cartagena.<\/p>\n<p>Como resultado de esa reuni\u00f3n se convoc\u00f3 a toda la comunidad educativa del distrito de Cartagena y Sindicatos del sector educativo a un gran plant\u00f3n este martes 23 de agosto frente a la alcald\u00eda a partir de las 10 de la ma\u00f1ana.<\/p>\n<p><strong>Sudeb abri\u00f3 los ojos<\/strong><\/p>\n<div id=\"attachment_47127\" style=\"width: 410px\" class=\"wp-caption alignnone\"><img loading=\"lazy\" decoding=\"async\" aria-describedby=\"caption-attachment-47127\" class=\"wp-image-47127 size-medium\" src=\"https:\/\/revistazetta.com\/wp-content\/uploads\/2022\/08\/292941250_3022900537999973_3815409070484563866_n-400x267.jpg\" alt=\"\" width=\"400\" height=\"267\" srcset=\"https:\/\/revistazetta.com\/wp-content\/uploads\/2022\/08\/292941250_3022900537999973_3815409070484563866_n-400x267.jpg 400w, https:\/\/revistazetta.com\/wp-content\/uploads\/2022\/08\/292941250_3022900537999973_3815409070484563866_n-1024x682.jpg 1024w, https:\/\/revistazetta.com\/wp-content\/uploads\/2022\/08\/292941250_3022900537999973_3815409070484563866_n.jpg 1280w\" sizes=\"auto, (max-width: 400px) 100vw, 400px\" \/><p id=\"caption-attachment-47127\" class=\"wp-caption-text\">Fallida e inoperante, Olga Acosta ha consolidado su desprestigio como secretaria de Educaci\u00f3n, y hasta sus aliados del Sudeb se dieron cuenta del desastre educativo del desgobierno Dau.<\/p><\/div>\n<p>Tal vez uno de los factores del silencio y convivencia del Suden con este desgobierno fue una consideraci\u00f3n pol\u00edtica, pues este sector se identific\u00f3 con William Dau al comienzo de su mandato e, incluso, uno de sus grandes asesores jur\u00eddicos, David M\u00fanera, fue secretario del Interior de este desgobierno.<\/p>\n<p>No hab\u00edan protestado los maestros ante la impulsividad e inoperancia de Olga Acosta, una secretaria de Educaci\u00f3n sin rumbo ni impronta. Los problemas encontrados simplemente se perpetuaron, y la gesti\u00f3n ha sido deficitaria tanto en cobertura, infraestructura y calidad educativa. Ejemplos palmarios son los palos de ciego en la instrumentaci\u00f3n del Plan de Alimentaci\u00f3n Escolar y, recientemente, la inexplicable suspensi\u00f3n del servicio de aseo.<\/p>\n<p>La situaci\u00f3n de insalubridad en las m\u00e1s de 107 instituciones educativas oficiales de Cartagena toc\u00f3 fondo y por eso los estudiantes est\u00e1n sin clases, porque desde la semana pasada no cuentan con personal de aseo.<\/p>\n<p>Los directivos de la gran mayor\u00eda de las instituciones educativas de la ciudad tomaron la decisi\u00f3n de no recibir estudiantes este lunes. Miguel P\u00e9rez, presidente de la Uni\u00f3n Sindical de directivos docentes de Bol\u00edvar, cuestion\u00f3 duramente la falta de planeaci\u00f3n y pidi\u00f3 celeridad a la secretaria de Educaci\u00f3n para mitigar esta emergencia de salubridad. \u201cSon 107 instituciones del distrito de Cartagena que quedan sin el servicio de aseo. Consideramos que por la falta de planeaci\u00f3n y planificaci\u00f3n de las actividades. Porque esto ha sido reiterativo\u201d, se\u00f1al\u00f3, P\u00e9rez en declaraciones a medios locales.<\/p>\n<p>Agreg\u00f3 que \u201cestamos convencidos que con la llegada de William Dau, la situaci\u00f3n iba a mejorar, pero parece que estamos viendo m\u00e1s de lo mismo y esa es una gran preocupaci\u00f3n que tenemos los rectores, los coordinadores, los estudiantes, la comunidad educativa en general\u201d.<\/p>\n<p>&nbsp;<\/p>\n<p>&nbsp;<\/p>\n","protected":false},"excerpt":{"rendered":"<p>Cartagena de Indias, 23 de agosto de 2022.- Uno de los pocos sectores que a\u00fan se manten\u00edan en silencio ante el desgobierno de William Dau era el Sindicato de Educadores, que frente a anteriores gobernantes se mostr\u00f3 cr\u00edtico y erguido, pero demor\u00f3 32 meses para abrir los ojos y percatarse del desastre educativo del Distrito. Luego de una reuni\u00f3n extraordinaria entre el SUDEB, USDIDBOL, SINTRENAL y Directivos Docentes, desarrollada el d\u00eda jueves 18 de agosto, se concluy\u00f3 que el \u00fanico responsable de la afectaci\u00f3n del servicio educativo en la ciudad&#8230; <\/p>\n","protected":false},"author":3,"featured_media":47148,"comment_status":"closed","ping_status":"closed","sticky":false,"template":"","format":"standard","meta":{"footnotes":"","_links_to":"","_links_to_target":""},"categories":[75,32],"tags":[1148,285,296,378,1077,205,1147,431],"class_list":["post-47126","post","type-post","status-publish","format-standard","has-post-thumbnail","hentry","category-destacada","category-actualidad-distrito","tag-desgobierno","tag-destacada","tag-distrito","tag-educacion","tag-olga-acosta","tag-secretaria-de-educacion","tag-sudeb","tag-william-dau"],"_links":{"self":[{"href":"https:\/\/revistazetta.com\/index.php?rest_route=\/wp\/v2\/posts\/47126","targetHints":{"allow":["GET"]}}],"collection":[{"href":"https:\/\/revistazetta.com\/index.php?rest_route=\/wp\/v2\/posts"}],"about":[{"href":"https:\/\/revistazetta.com\/index.php?rest_route=\/wp\/v2\/types\/post"}],"author":[{"embeddable":true,"href":"https:\/\/revistazetta.com\/index.php?rest_route=\/wp\/v2\/users\/3"}],"replies":[{"embeddable":true,"href":"https:\/\/revistazetta.com\/index.php?rest_route=%2Fwp%2Fv2%2Fcomments&post=47126"}],"version-history":[{"count":0,"href":"https:\/\/revistazetta.com\/index.php?rest_route=\/wp\/v2\/posts\/47126\/revisions"}],"wp:featuredmedia":[{"embeddable":true,"href":"https:\/\/revistazetta.com\/index.php?rest_route=\/wp\/v2\/media\/47148"}],"wp:attachment":[{"href":"https:\/\/revistazetta.com\/index.php?rest_route=%2Fwp%2Fv2%2Fmedia&parent=47126"}],"wp:term":[{"taxonomy":"category","embeddable":true,"href":"https:\/\/revistazetta.com\/index.php?rest_route=%2Fwp%2Fv2%2Fcategories&post=47126"},{"taxonomy":"post_tag","embeddable":true,"href":"https:\/\/revistazetta.com\/index.php?rest_route=%2Fwp%2Fv2%2Ftags&post=47126"}],"curies":[{"name":"wp","href":"https:\/\/api.w.org\/{rel}","templated":true}]}}