{"id":47165,"date":"2022-08-29T10:08:27","date_gmt":"2022-08-29T15:08:27","guid":{"rendered":"https:\/\/revistazetta.com\/?p=47165"},"modified":"2022-08-29T10:57:36","modified_gmt":"2022-08-29T15:57:36","slug":"lidio-garcia-lo-propuso-en-2019-y-lo-reitera-congresistas-pueden-congelarse-el-sueldo-mientras-avanza-proyecto-de-reduccion-salarial","status":"publish","type":"post","link":"https:\/\/revistazetta.com\/?p=47165","title":{"rendered":"Lidio Garc\u00eda lo propuso en 2019 y lo reitera: congresistas pueden congelarse el sueldo mientras avanza proyecto de reducci\u00f3n salarial"},"content":{"rendered":"<p><strong>Bogot\u00e1, 29 de agosto de 2022.-<\/strong> Ahora que est\u00e1 en curso una iniciativa de acto legislativo para reformar la Constituci\u00f3n y reducir el salario de los congresistas, el senador Lidio Garc\u00eda record\u00f3 lo que propuso en 2019 cuando asumi\u00f3 la Presidencia del Senado: congelar los salarios de senadores y representantes.<\/p>\n<p>El senador liberal Garc\u00eda Turbay es uno de los congresistas que respaldan el proyecto de reducci\u00f3n salarial, y record\u00f3 que el planteamiento en 2019 tiene plena validez hoy: \u00abLleg\u00f3 la hora de congelar nuestros sueldos, debemos ponernos en los zapatos de los m\u00e1s desfavorecidos\u00bb.<\/p>\n<p>\u00abNo tengamos miedo, pong\u00e1monos de acuerdo, y mostr\u00e9mosle esa iniciativa al pa\u00eds que tanto lo llama a gritos\u00bb, dijo en ese disc ruso de 2019, dijo el legislador bolivarense.<\/p>\n<blockquote class=\"twitter-tweet\">\n<p dir=\"ltr\" lang=\"es\">Lidio Garc\u00eda lo propuso en 2019 y lo reitera: congresistas pueden congelarse el sueldo mientras avanza proyecto de reducci\u00f3n salarial<a href=\"https:\/\/t.co\/djBIWZw0bA\">https:\/\/t.co\/djBIWZw0bA<\/a><a href=\"https:\/\/twitter.com\/Lidiosenado?ref_src=twsrc%5Etfw\" target=\"_blank\" rel=\"noopener\">@Lidiosenado<\/a> <a href=\"https:\/\/twitter.com\/SenadoGovCo?ref_src=twsrc%5Etfw\" target=\"_blank\" rel=\"noopener\">@SenadoGovCo<\/a> <a href=\"https:\/\/twitter.com\/CamaraColombia?ref_src=twsrc%5Etfw\" target=\"_blank\" rel=\"noopener\">@CamaraColombia<\/a> <a href=\"https:\/\/twitter.com\/PartidoLiberal?ref_src=twsrc%5Etfw\" target=\"_blank\" rel=\"noopener\">@PartidoLiberal<\/a> <a href=\"https:\/\/twitter.com\/hashtag\/RevistaZetta?src=hash&amp;ref_src=twsrc%5Etfw\" target=\"_blank\" rel=\"noopener\">#RevistaZetta<\/a> <a href=\"https:\/\/t.co\/t7bnvhQkAh\">pic.twitter.com\/t7bnvhQkAh<\/a><\/p>\n<p>\u2014 Revista Zetta (@RevistaZetta) <a href=\"https:\/\/twitter.com\/RevistaZetta\/status\/1564280662080765954?ref_src=twsrc%5Etfw\" target=\"_blank\" rel=\"noopener\">August 29, 2022<\/a><\/p><\/blockquote>\n<p><script async src=\"https:\/\/platform.twitter.com\/widgets.js\" charset=\"utf-8\"><\/script><\/p>\n","protected":false},"excerpt":{"rendered":"<p>Bogot\u00e1, 29 de agosto de 2022.- Ahora que est\u00e1 en curso una iniciativa de acto legislativo para reformar la Constituci\u00f3n y reducir el salario de los congresistas, el senador Lidio Garc\u00eda record\u00f3 lo que propuso en 2019 cuando asumi\u00f3 la Presidencia del Senado: congelar los salarios de senadores y representantes. El senador liberal Garc\u00eda Turbay es uno de los congresistas que respaldan el proyecto de reducci\u00f3n salarial, y record\u00f3 que el planteamiento en 2019 tiene plena validez hoy: \u00abLleg\u00f3 la hora de congelar nuestros sueldos, debemos ponernos en los zapatos&#8230; <\/p>\n","protected":false},"author":3,"featured_media":47166,"comment_status":"closed","ping_status":"closed","sticky":false,"template":"","format":"standard","meta":{"footnotes":"","_links_to":"","_links_to_target":""},"categories":[29,4],"tags":[338,332,285,448,298,234],"class_list":["post-47165","post","type-post","status-publish","format-standard","has-post-thumbnail","hentry","category-politica-congreso","category-politica","tag-camara-de-representantes","tag-congreso","tag-destacada","tag-lidio-garcia","tag-politica","tag-senado"],"_links":{"self":[{"href":"https:\/\/revistazetta.com\/index.php?rest_route=\/wp\/v2\/posts\/47165","targetHints":{"allow":["GET"]}}],"collection":[{"href":"https:\/\/revistazetta.com\/index.php?rest_route=\/wp\/v2\/posts"}],"about":[{"href":"https:\/\/revistazetta.com\/index.php?rest_route=\/wp\/v2\/types\/post"}],"author":[{"embeddable":true,"href":"https:\/\/revistazetta.com\/index.php?rest_route=\/wp\/v2\/users\/3"}],"replies":[{"embeddable":true,"href":"https:\/\/revistazetta.com\/index.php?rest_route=%2Fwp%2Fv2%2Fcomments&post=47165"}],"version-history":[{"count":0,"href":"https:\/\/revistazetta.com\/index.php?rest_route=\/wp\/v2\/posts\/47165\/revisions"}],"wp:featuredmedia":[{"embeddable":true,"href":"https:\/\/revistazetta.com\/index.php?rest_route=\/wp\/v2\/media\/47166"}],"wp:attachment":[{"href":"https:\/\/revistazetta.com\/index.php?rest_route=%2Fwp%2Fv2%2Fmedia&parent=47165"}],"wp:term":[{"taxonomy":"category","embeddable":true,"href":"https:\/\/revistazetta.com\/index.php?rest_route=%2Fwp%2Fv2%2Fcategories&post=47165"},{"taxonomy":"post_tag","embeddable":true,"href":"https:\/\/revistazetta.com\/index.php?rest_route=%2Fwp%2Fv2%2Ftags&post=47165"}],"curies":[{"name":"wp","href":"https:\/\/api.w.org\/{rel}","templated":true}]}}