{"id":47348,"date":"2022-09-15T06:55:05","date_gmt":"2022-09-15T11:55:05","guid":{"rendered":"https:\/\/revistazetta.com\/?p=47348"},"modified":"2022-09-15T06:55:05","modified_gmt":"2022-09-15T11:55:05","slug":"convenio-ider-sena-para-formacion-profesional-deportiva","status":"publish","type":"post","link":"https:\/\/revistazetta.com\/?p=47348","title":{"rendered":"Convenio IDER &#8211; SENA para formaci\u00f3n profesional deportiva"},"content":{"rendered":"<p><strong>Cartagena de Indias, 15 de septiembre de 2022.-<\/strong> Para fortalecer el deporte en la ciudad de Cartagena y la Regi\u00f3n Caribe, el Servicio Nacional de Aprendizaje y el Instituto de Deporte y Recreaci\u00f3n (IDER), firmaron convenio #1-2022 para la formaci\u00f3n de profesionales del deporte y trabajadores dedicados a la pr\u00e1ctica deportiva<\/p>\n<p>El objetivo del convenio firmado es unir esfuerzos para realizar acciones conjuntas enfocadas al fortalecimiento de los procesos de formaci\u00f3n e innovaci\u00f3n y tecnolog\u00eda en el deporte, la recreaci\u00f3n y la actividad f\u00edsica e impulsar el sector deportivo y cultural.<\/p>\n<p>La firma del convenio estuvo a cargo de Jaime Torrado Casadiegos, director de SENA Bol\u00edvar; Viviana Londo\u00f1o, directora del IDER; William Marrugo, director de Fomento Deportivo y Recreativo del IDER; Yeny Liney Romero Ocho, subdirectora del centro de Comercio y Servicios del SENA y Herlen Ramos, instructor SENA.<\/p>\n<p>Jaime Torrado Casadiegos, director de SENA Bol\u00edvar, durante la firma del convenio asegur\u00f3 que \u201ce<em>speramos continuar con las acciones que hemos venido realizando con nuestro aliado el IDER en la formaci\u00f3n del talento humano que requiere Cartagena en el \u00e1mbito deportivo. En Bol\u00edvar, hemos avanzado en la formaci\u00f3n de alrededor de 500 tecn\u00f3logos en entrenamiento deportivo y acondicionamiento f\u00edsico, mucho accediendo a programas de formaci\u00f3n profesional\u201d.\u00a0<\/em><\/p>\n<p>La directora del Instituto de Deporte y Recreaci\u00f3n afirm\u00f3 de esta gran noticia que \u201ce<em>stamos felices porque reafirmamos la importancia de esta alianza estrat\u00e9gica en la que gracias al SENA hemos llevado un proceso de formaci\u00f3n y capacitaci\u00f3n para certificar las competencias laborales mejorando la cualificaci\u00f3n del talento humano, alianza que llevaremos a cabo hasta el a\u00f1o 2027\u201d.<\/em><\/p>\n<p>Entre los programas que se beneficiar\u00e1n con este convenio se encuentran: Tecn\u00f3logos en Actividad F\u00edsica y T\u00e9cnicos en Juzgamiento Deportivo y Organizaci\u00f3n de Eventos Deportivos y Recreativos. Tambi\u00e9n se aporta desde el SENA a la certificaci\u00f3n de competencias laborales y fortalecimiento empresarial y servicios tecnol\u00f3gicos.<\/p>\n<p>Ser\u00e1n alrededor de 700 aprendices que se beneficiar\u00e1n gracias a este convenio, el cual se encuentra abierto, adem\u00e1s, para entrenadores, deportistas, jueces, docentes y poblaci\u00f3n con capacidades diferentes. El IDER facilitar\u00e1 el pr\u00e9stamo de escenarios deportivos para la pr\u00e1ctica de los aprendices, promoviendo el aumento de los niveles de productividad y la empleabilidad de los beneficiarios con este convenio.<\/p>\n","protected":false},"excerpt":{"rendered":"<p>Cartagena de Indias, 15 de septiembre de 2022.- Para fortalecer el deporte en la ciudad de Cartagena y la Regi\u00f3n Caribe, el Servicio Nacional de Aprendizaje y el Instituto de Deporte y Recreaci\u00f3n (IDER), firmaron convenio #1-2022 para la formaci\u00f3n de profesionales del deporte y trabajadores dedicados a la pr\u00e1ctica deportiva El objetivo del convenio firmado es unir esfuerzos para realizar acciones conjuntas enfocadas al fortalecimiento de los procesos de formaci\u00f3n e innovaci\u00f3n y tecnolog\u00eda en el deporte, la recreaci\u00f3n y la actividad f\u00edsica e impulsar el sector deportivo y&#8230; <\/p>\n","protected":false},"author":3,"featured_media":47349,"comment_status":"closed","ping_status":"closed","sticky":false,"template":"","format":"standard","meta":{"footnotes":"","_links_to":"","_links_to_target":""},"categories":[53,89],"tags":[308,315,1186,1185,953],"class_list":["post-47348","post","type-post","status-publish","format-standard","has-post-thumbnail","hentry","category-deportes","category-ider","tag-deportes","tag-ider","tag-jaime-torrado","tag-sena","tag-viviana-londono"],"_links":{"self":[{"href":"https:\/\/revistazetta.com\/index.php?rest_route=\/wp\/v2\/posts\/47348","targetHints":{"allow":["GET"]}}],"collection":[{"href":"https:\/\/revistazetta.com\/index.php?rest_route=\/wp\/v2\/posts"}],"about":[{"href":"https:\/\/revistazetta.com\/index.php?rest_route=\/wp\/v2\/types\/post"}],"author":[{"embeddable":true,"href":"https:\/\/revistazetta.com\/index.php?rest_route=\/wp\/v2\/users\/3"}],"replies":[{"embeddable":true,"href":"https:\/\/revistazetta.com\/index.php?rest_route=%2Fwp%2Fv2%2Fcomments&post=47348"}],"version-history":[{"count":0,"href":"https:\/\/revistazetta.com\/index.php?rest_route=\/wp\/v2\/posts\/47348\/revisions"}],"wp:featuredmedia":[{"embeddable":true,"href":"https:\/\/revistazetta.com\/index.php?rest_route=\/wp\/v2\/media\/47349"}],"wp:attachment":[{"href":"https:\/\/revistazetta.com\/index.php?rest_route=%2Fwp%2Fv2%2Fmedia&parent=47348"}],"wp:term":[{"taxonomy":"category","embeddable":true,"href":"https:\/\/revistazetta.com\/index.php?rest_route=%2Fwp%2Fv2%2Fcategories&post=47348"},{"taxonomy":"post_tag","embeddable":true,"href":"https:\/\/revistazetta.com\/index.php?rest_route=%2Fwp%2Fv2%2Ftags&post=47348"}],"curies":[{"name":"wp","href":"https:\/\/api.w.org\/{rel}","templated":true}]}}