{"id":47357,"date":"2022-09-15T08:14:41","date_gmt":"2022-09-15T13:14:41","guid":{"rendered":"https:\/\/revistazetta.com\/?p=47357"},"modified":"2022-09-15T08:14:41","modified_gmt":"2022-09-15T13:14:41","slug":"camara-de-comercio-fortalece-negocios-en-calamar-municipio-agricola-y-pesquero-del-norte-de-bolivar","status":"publish","type":"post","link":"https:\/\/revistazetta.com\/?p=47357","title":{"rendered":"C\u00e1mara de Comercio fortalece negocios en Calamar, municipio agr\u00edcola y pesquero del norte de Bol\u00edvar"},"content":{"rendered":"<p><b>Cartagena de Indias, 15 de septiembre de 2022.<\/b> La C\u00e1mara de Comercio de Cartagena (CCC) se tom\u00f3 Calamar, Bol\u00edvar con lo que ha denominado \u201cla Gran Jornada de Formalizaci\u00f3n\u201d que busca llegar a empresarios y emprendedores de este sector, que hacen parte de la econom\u00eda popular, para contribuir al fortalecimiento del tejido empresarial de Bol\u00edvar.<span class=\"Apple-converted-space\">\u00a0<\/span><\/p>\n<p>Durante la jornada los empresarios de esta zona accedieron a servicios como asesor\u00eda a emprendedores y fueron atendidos 21 casos en conciliaci\u00f3n, de manera gratuita, con los que se les invit\u00f3 a formalizar sus negocios a quienes no lo hayan hecho o a fortalecer desde el punto de vista administrativo y financiero a los que ya se encuentran legalmente constituidos.<span class=\"Apple-converted-space\">\u00a0<\/span><\/p>\n<p>\u201cCalamar (Bol\u00edvar) tiene una poblaci\u00f3n de 23.683 habitantes, es uno de los municipios con mayor din\u00e1mica comercial de Bol\u00edvar en sectores como la pesca, ganader\u00eda, transporte fluvial y agricultura, por eso la importancia de seguir fortaleciendo con los programas que tenemos, con los que buscamos acompa\u00f1ar a los comerciantes para que contin\u00faen generando empleo y oportunidades\u201d, se\u00f1al\u00f3 la vicepresidenta de competitividad de la CCC, Andrea Pi\u00f1a G\u00f3mez.<span class=\"Apple-converted-space\">\u00a0<\/span><\/p>\n<p>Esta jornada tuvo un gran despliegue log\u00edstico y de personal de la entidad. Los comerciantes pudieron acceder a charlas sobre los programas de emprendimientos como: Ruta integral de emprendimiento, Municipio Emprendedor, Ruta Mujer Emprendedora, y Ruta Integral para J\u00f3venes.<span class=\"Apple-converted-space\">\u00a0<\/span><\/p>\n<p>Asimismo, se ofrecieron asesor\u00edas empresariales en alfabetizaci\u00f3n digital con la capacitaci\u00f3n acerca del uso del marketing digital como medio de posicionamiento de sus negocios.<\/p>\n<p>\u201cSomos una C\u00e1mara cercana a los peque\u00f1os, medianos y grandes empresarios y por eso queremos que conozcan los beneficios de la formalizaci\u00f3n\u201d, resalt\u00f3 la directiva.<\/p>\n<p>De acuerdo con Centro de Estudios para el Desarrollo y la Competitividad \u2013 CEDEC, de C\u00e1mara de Comercio de Cartagena (CCC),<span class=\"Apple-converted-space\">\u00a0 <\/span>de las 94 empresas que est\u00e1n registradas en el municipio al norte de Bol\u00edvar, corresponden a los sectores de ventas al por mayor y al detal.<span class=\"Apple-converted-space\">\u00a0<\/span><\/p>\n","protected":false},"excerpt":{"rendered":"<p>Cartagena de Indias, 15 de septiembre de 2022. La C\u00e1mara de Comercio de Cartagena (CCC) se tom\u00f3 Calamar, Bol\u00edvar con lo que ha denominado \u201cla Gran Jornada de Formalizaci\u00f3n\u201d que busca llegar a empresarios y emprendedores de este sector, que hacen parte de la econom\u00eda popular, para contribuir al fortalecimiento del tejido empresarial de Bol\u00edvar.\u00a0 Durante la jornada los empresarios de esta zona accedieron a servicios como asesor\u00eda a emprendedores y fueron atendidos 21 casos en conciliaci\u00f3n, de manera gratuita, con los que se les invit\u00f3 a formalizar sus negocios&#8230; <\/p>\n","protected":false},"author":3,"featured_media":47358,"comment_status":"closed","ping_status":"closed","sticky":false,"template":"","format":"standard","meta":{"footnotes":"","_links_to":"","_links_to_target":""},"categories":[33,80],"tags":[881,73,1188,244,300],"class_list":["post-47357","post","type-post","status-publish","format-standard","has-post-thumbnail","hentry","category-actualidad-bolivar","category-region","tag-andrea-pina","tag-bolivar","tag-calamara","tag-camara-de-comercio-de-cartagena","tag-region"],"_links":{"self":[{"href":"https:\/\/revistazetta.com\/index.php?rest_route=\/wp\/v2\/posts\/47357","targetHints":{"allow":["GET"]}}],"collection":[{"href":"https:\/\/revistazetta.com\/index.php?rest_route=\/wp\/v2\/posts"}],"about":[{"href":"https:\/\/revistazetta.com\/index.php?rest_route=\/wp\/v2\/types\/post"}],"author":[{"embeddable":true,"href":"https:\/\/revistazetta.com\/index.php?rest_route=\/wp\/v2\/users\/3"}],"replies":[{"embeddable":true,"href":"https:\/\/revistazetta.com\/index.php?rest_route=%2Fwp%2Fv2%2Fcomments&post=47357"}],"version-history":[{"count":0,"href":"https:\/\/revistazetta.com\/index.php?rest_route=\/wp\/v2\/posts\/47357\/revisions"}],"wp:featuredmedia":[{"embeddable":true,"href":"https:\/\/revistazetta.com\/index.php?rest_route=\/wp\/v2\/media\/47358"}],"wp:attachment":[{"href":"https:\/\/revistazetta.com\/index.php?rest_route=%2Fwp%2Fv2%2Fmedia&parent=47357"}],"wp:term":[{"taxonomy":"category","embeddable":true,"href":"https:\/\/revistazetta.com\/index.php?rest_route=%2Fwp%2Fv2%2Fcategories&post=47357"},{"taxonomy":"post_tag","embeddable":true,"href":"https:\/\/revistazetta.com\/index.php?rest_route=%2Fwp%2Fv2%2Ftags&post=47357"}],"curies":[{"name":"wp","href":"https:\/\/api.w.org\/{rel}","templated":true}]}}