{"id":47394,"date":"2022-09-19T15:52:03","date_gmt":"2022-09-19T20:52:03","guid":{"rendered":"https:\/\/revistazetta.com\/?p=47394"},"modified":"2022-09-19T15:54:23","modified_gmt":"2022-09-19T20:54:23","slug":"el-1-de-diciembre-comerciantes-van-a-las-urnas-para-renovar-junta-directiva-en-camara-de-comercio","status":"publish","type":"post","link":"https:\/\/revistazetta.com\/?p=47394","title":{"rendered":"El 1 de diciembre, comerciantes van a las urnas para renovar Junta Directiva en C\u00e1mara de Comercio"},"content":{"rendered":"<p><strong>Cartagena de Indias, 19 de septiembre de 2022.-<\/strong> Este 1 de diciembre los comerciantes en el pa\u00eds elegir\u00e1n a sus representantes en las juntas directivas de las c\u00e1maras de comercio.<\/p>\n<p>En Cartagena ya se est\u00e1n organizando las diferentes planchas, tanto de quienes aspirar a la reelecci\u00f3n como de quienes pretenden llegar por primera vez.<\/p>\n<p>La entidad public\u00f3 en sus cuentas de redes sociales esta informaci\u00f3n:<\/p>\n<ul>\n<li><span style=\"color: #000080;\"><em>La C\u00e1mara de Comercio de Cartagena, en cumplimiento del art\u00edculo. 2.2.2.38.3.6. del Decreto 1074 de 2015, dispone la publicaci\u00f3n del censo electoral para las elecciones de los miembros de la Junta Directiva y Revisor Fiscal que se realizar\u00e1 el 1 de diciembre de 2022. Consulta toda la informaci\u00f3n en el sitio web institucional www.cccartagena.org.co.<\/em><\/span><\/li>\n<\/ul>\n<p>Esta es la composici\u00f3n actual de la Junta Directiva de la C\u00e1mara de Comercio de Cartagena de Indias:<\/p>\n<div>\n<div>\n<div>\n<div>JUNTA DIRECTIVA C\u00c1MARA DE COMERCIO DE\u00a0 CARTAGENAPER\u00cdODO\u00a0\u00a0 2019\u2013 2022<\/div>\n<\/div>\n<\/div>\n<\/div>\n<div>\n<div>\n<div>\n<p>PRESIDENTE JUNTA DIRECTIVA<\/p>\n<p>GRUPO DE MERCADEO Y LOG\u00cdSTICA S.A.S<\/p>\n<p>EDWIN PULIDO SIERRA<\/p>\n<\/div>\n<\/div>\n<\/div>\n<div>\n<div>\n<div>\n<p>VICEPRESIDENTE JUNTA DIRECTIVA<\/p>\n<p>INMOBILIARIA I.B.R RODR\u00cdGUEZ Y ASOCIADOS S.A.S<\/p>\n<p>MAYRA RODR\u00cdGUEZ OSORIO<\/p>\n<\/div>\n<\/div>\n<\/div>\n<div>\n<div>\n<div><\/div>\n<\/div>\n<\/div>\n<div>\n<div>\n<div>\n<p><strong>PRINCIPALES<\/strong><\/p>\n<\/div>\n<\/div>\n<div>\n<p>JOHN FREDY HERRERA ARANGO<\/p>\n<\/div>\n<div>\n<p>EDWIN PULIDO SIERRA<\/p>\n<\/div>\n<div>\n<p>MAYRA CECILIA RODR\u00cdGUEZ OSORIO<\/p>\n<\/div>\n<div>\n<p>CAMILO RAM\u00cdREZ CASTA\u00d1O<\/p>\n<\/div>\n<div>\n<p>CARMEN EMILIA ISAZA SU\u00c1REZ<\/p>\n<\/div>\n<div>\n<p>RAM\u00d3N IGNACIO PEREIRA VISBAL<\/p>\n<\/div>\n<\/div>\n<div>\n<div>\n<div>\n<h4>SUPLENTES<\/h4>\n<\/div>\n<\/div>\n<div>\n<div>\n<p>BEATRIZ ELENA GAVIRIA AGUDELO<\/p>\n<\/div>\n<\/div>\n<div>\n<div>\n<p>LEONARDO LOAIZA TORRES<\/p>\n<\/div>\n<\/div>\n<div>\n<div><\/div>\n<\/div>\n<div>\n<div>\n<p>JORGE \u00d3SCAR SU\u00c1REZ CORREA<\/p>\n<\/div>\n<\/div>\n<div>\n<div><\/div>\n<\/div>\n<div>\n<div>\n<p>SANTIAGO LUIS RIZO DELGADO<\/p>\n<\/div>\n<\/div>\n<\/div>\n<div>\n<div>\n<div>\n<p>&nbsp;<\/p>\n<p><strong>REPRESENTANTES DEL GOBIERNO<\/strong><\/p>\n<\/div>\n<\/div>\n<\/div>\n<div>\n<div>\n<div>\n<p><strong>PRINCIPALES<\/strong><\/p>\n<\/div>\n<\/div>\n<div>\n<div>GUILLERMO ANTONIO DEL CASTILLO PIEDRAHITA<\/div>\n<\/div>\n<div>\n<div>FABIO MIGUEL GIRALDO MORALES<\/div>\n<\/div>\n<div>\n<div>JOS\u00c9 DAVID MORALES VILLA<\/div>\n<\/div>\n<div>\n<div>\n<p>De momento no suplentes, pero son tres cupos.<\/p>\n<\/div>\n<\/div>\n<\/div>\n","protected":false},"excerpt":{"rendered":"<p>Cartagena de Indias, 19 de septiembre de 2022.- Este 1 de diciembre los comerciantes en el pa\u00eds elegir\u00e1n a sus representantes en las juntas directivas de las c\u00e1maras de comercio. En Cartagena ya se est\u00e1n organizando las diferentes planchas, tanto de quienes aspirar a la reelecci\u00f3n como de quienes pretenden llegar por primera vez. La entidad public\u00f3 en sus cuentas de redes sociales esta informaci\u00f3n: La C\u00e1mara de Comercio de Cartagena, en cumplimiento del art\u00edculo. 2.2.2.38.3.6. del Decreto 1074 de 2015, dispone la publicaci\u00f3n del censo electoral para las elecciones&#8230; <\/p>\n","protected":false},"author":3,"featured_media":47395,"comment_status":"closed","ping_status":"closed","sticky":false,"template":"","format":"standard","meta":{"footnotes":"","_links_to":"","_links_to_target":""},"categories":[3,50],"tags":[244,292,1201,306],"class_list":["post-47394","post","type-post","status-publish","format-standard","has-post-thumbnail","hentry","category-ciudad","category-empresa","tag-camara-de-comercio-de-cartagena","tag-ciudad","tag-elecciones-comerciantes","tag-empresa"],"_links":{"self":[{"href":"https:\/\/revistazetta.com\/index.php?rest_route=\/wp\/v2\/posts\/47394","targetHints":{"allow":["GET"]}}],"collection":[{"href":"https:\/\/revistazetta.com\/index.php?rest_route=\/wp\/v2\/posts"}],"about":[{"href":"https:\/\/revistazetta.com\/index.php?rest_route=\/wp\/v2\/types\/post"}],"author":[{"embeddable":true,"href":"https:\/\/revistazetta.com\/index.php?rest_route=\/wp\/v2\/users\/3"}],"replies":[{"embeddable":true,"href":"https:\/\/revistazetta.com\/index.php?rest_route=%2Fwp%2Fv2%2Fcomments&post=47394"}],"version-history":[{"count":0,"href":"https:\/\/revistazetta.com\/index.php?rest_route=\/wp\/v2\/posts\/47394\/revisions"}],"wp:featuredmedia":[{"embeddable":true,"href":"https:\/\/revistazetta.com\/index.php?rest_route=\/wp\/v2\/media\/47395"}],"wp:attachment":[{"href":"https:\/\/revistazetta.com\/index.php?rest_route=%2Fwp%2Fv2%2Fmedia&parent=47394"}],"wp:term":[{"taxonomy":"category","embeddable":true,"href":"https:\/\/revistazetta.com\/index.php?rest_route=%2Fwp%2Fv2%2Fcategories&post=47394"},{"taxonomy":"post_tag","embeddable":true,"href":"https:\/\/revistazetta.com\/index.php?rest_route=%2Fwp%2Fv2%2Ftags&post=47394"}],"curies":[{"name":"wp","href":"https:\/\/api.w.org\/{rel}","templated":true}]}}