{"id":47397,"date":"2022-09-19T16:53:12","date_gmt":"2022-09-19T21:53:12","guid":{"rendered":"https:\/\/revistazetta.com\/?p=47397"},"modified":"2022-09-19T17:04:03","modified_gmt":"2022-09-19T22:04:03","slug":"reconciliacion-y-paz-inspiran-torneo-de-futbol-en-la-alta-montana-de-los-montes-de-maria","status":"publish","type":"post","link":"https:\/\/revistazetta.com\/?p=47397","title":{"rendered":"Reconciliaci\u00f3n y paz inspiran torneo de f\u00fatbol en la Alta Monta\u00f1a de los Montes de Mar\u00eda"},"content":{"rendered":"<p><span style=\"color: #000080;\"><em><strong>Gobernaci\u00f3n de Bol\u00edvar e Iderbol apoyan la octava versi\u00f3n del Torneo Regional de F\u00fatbol por la reconciliaci\u00f3n e integraci\u00f3n de la alta monta\u00f1a.\u00a0El campeonato durar\u00e1 tres meses, integrar\u00e1 a 36 equipos, beneficiando a 640 deportistas de 14 corregimientos y 52 veredas de esta zona del departamento.<\/strong><\/em><\/span><\/p>\n<p><strong>Carmen de Bol\u00edvar, 19 de septiembre de 2022.-<\/strong> En una verdadera fiesta deportiva se convirti\u00f3 el acto inaugural de la octava versi\u00f3n del Torneo Regional de F\u00fatbol por la Reconciliaci\u00f3n e Integraci\u00f3n de la Alta Monta\u00f1a, que se prolongar\u00e1 durante tres meses y tiene como objetivo contribuir a la paz total a trav\u00e9s del deporte y la recreaci\u00f3n.<\/p>\n<p>Desde muy temprano los habitantes de Caracol\u00ed, corregimiento de El Carmen de Bol\u00edvar, fueron llegando para disfrutar de la actividad, en la cual se hizo entrega de los uniformes a los equipos que luchar\u00e1n por ganarse el t\u00edtulo del campeonato.<\/p>\n<p><img loading=\"lazy\" decoding=\"async\" class=\"alignnone size-medium wp-image-47400\" src=\"https:\/\/revistazetta.com\/wp-content\/uploads\/2022\/09\/WhatsApp-Image-2022-09-19-at-4.04.18-PM-1-400x267.jpeg\" alt=\"\" width=\"400\" height=\"267\" srcset=\"https:\/\/revistazetta.com\/wp-content\/uploads\/2022\/09\/WhatsApp-Image-2022-09-19-at-4.04.18-PM-1-400x267.jpeg 400w, https:\/\/revistazetta.com\/wp-content\/uploads\/2022\/09\/WhatsApp-Image-2022-09-19-at-4.04.18-PM-1-1024x682.jpeg 1024w, https:\/\/revistazetta.com\/wp-content\/uploads\/2022\/09\/WhatsApp-Image-2022-09-19-at-4.04.18-PM-1.jpeg 1280w\" sizes=\"auto, (max-width: 400px) 100vw, 400px\" \/><\/p>\n<p>El gerente de Iderbol, Pedro Al\u00ed Al\u00ed, se mostr\u00f3 emocionado por el gran ambiente que se vivi\u00f3, y afirm\u00f3 que \u201cpara mi es muy satisfactorio estar aqu\u00ed despu\u00e9s de la pandemia y volver a integrar muchas personas en torno a \u00e9ste evento, es un orgullo para el gobierno del Bol\u00edvar Primero cumplirle al proceso de reconciliaci\u00f3n y ratificamos que siempre estaremos pendientes a la Alta Monta\u00f1a, a la reconciliaci\u00f3n y a la paz del pa\u00eds. De igual manera, estamos trabajando en pro de los juegos nacionales, ojal\u00e1 de \u00e9stos campeonatos salgan grandes prospectos para el futbol departamental y nacional\u201d.<\/p>\n<p><img loading=\"lazy\" decoding=\"async\" class=\"alignnone size-medium wp-image-47402\" src=\"https:\/\/revistazetta.com\/wp-content\/uploads\/2022\/09\/WhatsApp-Image-2022-09-19-at-4.04.19-PM-400x267.jpeg\" alt=\"\" width=\"400\" height=\"267\" srcset=\"https:\/\/revistazetta.com\/wp-content\/uploads\/2022\/09\/WhatsApp-Image-2022-09-19-at-4.04.19-PM-400x267.jpeg 400w, https:\/\/revistazetta.com\/wp-content\/uploads\/2022\/09\/WhatsApp-Image-2022-09-19-at-4.04.19-PM-1024x682.jpeg 1024w, https:\/\/revistazetta.com\/wp-content\/uploads\/2022\/09\/WhatsApp-Image-2022-09-19-at-4.04.19-PM.jpeg 1280w\" sizes=\"auto, (max-width: 400px) 100vw, 400px\" \/><\/p>\n<p>Jorge Montes Hern\u00e1ndez, coordinador general del Proceso Pac\u00edfico de Reconciliaci\u00f3n e Integraci\u00f3n de la Alta Monta\u00f1a, agradeci\u00f3 al gobernador De Bol\u00edvar, Vicente Blel Scaff, y al gerente de Iderbol, Pedro Al\u00ed Al\u00ed, por el apoyo recibido y sostuvo que \u201cestamos muy contentos con este torneo, porque representa una fiesta deportiva y democr\u00e1tica en la zona y esto nos permite recomponer el tejido social que se hab\u00eda fragmentado por el conflicto; con esto trabajamos las barreras invisibles que hab\u00edan entre las comunidades y estamos apost\u00e1ndole a la paz total\u201d.<\/p>\n<p><img loading=\"lazy\" decoding=\"async\" class=\"alignnone size-medium wp-image-47401\" src=\"https:\/\/revistazetta.com\/wp-content\/uploads\/2022\/09\/WhatsApp-Image-2022-09-19-at-4.04.18-PM-400x267.jpeg\" alt=\"\" width=\"400\" height=\"267\" srcset=\"https:\/\/revistazetta.com\/wp-content\/uploads\/2022\/09\/WhatsApp-Image-2022-09-19-at-4.04.18-PM-400x267.jpeg 400w, https:\/\/revistazetta.com\/wp-content\/uploads\/2022\/09\/WhatsApp-Image-2022-09-19-at-4.04.18-PM-1024x682.jpeg 1024w, https:\/\/revistazetta.com\/wp-content\/uploads\/2022\/09\/WhatsApp-Image-2022-09-19-at-4.04.18-PM.jpeg 1280w\" sizes=\"auto, (max-width: 400px) 100vw, 400px\" \/><\/p>\n","protected":false},"excerpt":{"rendered":"<p>Gobernaci\u00f3n de Bol\u00edvar e Iderbol apoyan la octava versi\u00f3n del Torneo Regional de F\u00fatbol por la reconciliaci\u00f3n e integraci\u00f3n de la alta monta\u00f1a.\u00a0El campeonato durar\u00e1 tres meses, integrar\u00e1 a 36 equipos, beneficiando a 640 deportistas de 14 corregimientos y 52 veredas de esta zona del departamento. Carmen de Bol\u00edvar, 19 de septiembre de 2022.- En una verdadera fiesta deportiva se convirti\u00f3 el acto inaugural de la octava versi\u00f3n del Torneo Regional de F\u00fatbol por la Reconciliaci\u00f3n e Integraci\u00f3n de la Alta Monta\u00f1a, que se prolongar\u00e1 durante tres meses y tiene&#8230; <\/p>\n","protected":false},"author":3,"featured_media":47398,"comment_status":"closed","ping_status":"closed","sticky":false,"template":"","format":"standard","meta":{"footnotes":"","_links_to":"","_links_to_target":""},"categories":[53,90],"tags":[308,285,333,364],"class_list":["post-47397","post","type-post","status-publish","format-standard","has-post-thumbnail","hentry","category-deportes","category-iderbol","tag-deportes","tag-destacada","tag-iderbol","tag-pedro-ali"],"_links":{"self":[{"href":"https:\/\/revistazetta.com\/index.php?rest_route=\/wp\/v2\/posts\/47397","targetHints":{"allow":["GET"]}}],"collection":[{"href":"https:\/\/revistazetta.com\/index.php?rest_route=\/wp\/v2\/posts"}],"about":[{"href":"https:\/\/revistazetta.com\/index.php?rest_route=\/wp\/v2\/types\/post"}],"author":[{"embeddable":true,"href":"https:\/\/revistazetta.com\/index.php?rest_route=\/wp\/v2\/users\/3"}],"replies":[{"embeddable":true,"href":"https:\/\/revistazetta.com\/index.php?rest_route=%2Fwp%2Fv2%2Fcomments&post=47397"}],"version-history":[{"count":0,"href":"https:\/\/revistazetta.com\/index.php?rest_route=\/wp\/v2\/posts\/47397\/revisions"}],"wp:featuredmedia":[{"embeddable":true,"href":"https:\/\/revistazetta.com\/index.php?rest_route=\/wp\/v2\/media\/47398"}],"wp:attachment":[{"href":"https:\/\/revistazetta.com\/index.php?rest_route=%2Fwp%2Fv2%2Fmedia&parent=47397"}],"wp:term":[{"taxonomy":"category","embeddable":true,"href":"https:\/\/revistazetta.com\/index.php?rest_route=%2Fwp%2Fv2%2Fcategories&post=47397"},{"taxonomy":"post_tag","embeddable":true,"href":"https:\/\/revistazetta.com\/index.php?rest_route=%2Fwp%2Fv2%2Ftags&post=47397"}],"curies":[{"name":"wp","href":"https:\/\/api.w.org\/{rel}","templated":true}]}}