{"id":47424,"date":"2022-09-21T07:24:00","date_gmt":"2022-09-21T12:24:00","guid":{"rendered":"https:\/\/revistazetta.com\/?p=47424"},"modified":"2022-09-21T07:24:00","modified_gmt":"2022-09-21T12:24:00","slug":"senador-correa-abre-el-camino-de-la-meritocracia-para-esap-invias-icbf-sena-e-ica","status":"publish","type":"post","link":"https:\/\/revistazetta.com\/?p=47424","title":{"rendered":"Senador Correa abre el camino de la meritocracia para ESAP, INVIAS, ICBF, SENA e ICA"},"content":{"rendered":"<p><strong>Bogot\u00e1 D.C., 21 de septiembre de 2022.-\u00a0<\/strong>Con la radicaci\u00f3n del proyecto de acto legislativo Nro. 29 del 2022, presentado por Antonio Jos\u00e9 Correa Jim\u00e9nez, senador por el Partido de La U, se pretende modificar el numeral 13 del Art\u00edculo 305 de la Constituci\u00f3n Pol\u00edtica, encaminada a generar una verdadera meritocracia frente a los nombramientos de los directores regionales de entidades tales como Instituto Colombiano de Bienestar Familiar, Sena, ICA, Esap e Inv\u00edas.<\/p>\n<p>En la actualidad muchos de esos nombramientos se hacen cumpliendo cuotas burocr\u00e1ticas, rest\u00e1ndole la posibilidad al pa\u00eds de que los mejores por sus m\u00e9ritos sean quienes dirijan dichas entidades.<\/p>\n<p>El acto legislativo contiene entre sus art\u00edculos:<br \/>\nLa conformaci\u00f3n de la lista de elegibles se integrar\u00e1 con las personas que sean seleccionadas mediante un proceso p\u00fablico y abierto teniendo en cuenta los criterios de capacidad y experiencia para el desempe\u00f1o del cargo.<\/p>\n<p>Tambi\u00e9n comprender\u00e1 la aplicaci\u00f3n de una o varias pruebas dirigidas a evaluar los conocimientos o aptitudes requeridos para el desempe\u00f1o del empleo, adem\u00e1s de una valoraci\u00f3n de antecedentes de estudio y experiencia.<\/p>\n<p>Los jefes de dichas entidades de orden nacional realizar\u00e1n los tr\u00e1mites para el proceso de selecci\u00f3n p\u00fablico y abierto, el cual lo har\u00e1n en su totalidad bajo la supervisi\u00f3n de las universidades p\u00fablicas o privadas acreditadas para tal fin.<\/p>\n<p>Para el senador Correa, el presente y futuro de la educaci\u00f3n superior, t\u00e9cnica, las v\u00edas nacionales, el desarrollo agrario y el bienestar de los ni\u00f1os, ni\u00f1as y adolescentes en las regiones merecen estar dirigidos por los mejores.<\/p>\n","protected":false},"excerpt":{"rendered":"<p>Bogot\u00e1 D.C., 21 de septiembre de 2022.-\u00a0Con la radicaci\u00f3n del proyecto de acto legislativo Nro. 29 del 2022, presentado por Antonio Jos\u00e9 Correa Jim\u00e9nez, senador por el Partido de La U, se pretende modificar el numeral 13 del Art\u00edculo 305 de la Constituci\u00f3n Pol\u00edtica, encaminada a generar una verdadera meritocracia frente a los nombramientos de los directores regionales de entidades tales como Instituto Colombiano de Bienestar Familiar, Sena, ICA, Esap e Inv\u00edas. En la actualidad muchos de esos nombramientos se hacen cumpliendo cuotas burocr\u00e1ticas, rest\u00e1ndole la posibilidad al pa\u00eds de&#8230; <\/p>\n","protected":false},"author":3,"featured_media":47425,"comment_status":"closed","ping_status":"closed","sticky":false,"template":"","format":"standard","meta":{"footnotes":"","_links_to":"","_links_to_target":""},"categories":[4,82],"tags":[298,234,1063],"class_list":["post-47424","post","type-post","status-publish","format-standard","has-post-thumbnail","hentry","category-politica","category-senado","tag-politica","tag-senado","tag-senador-antonio-correa"],"_links":{"self":[{"href":"https:\/\/revistazetta.com\/index.php?rest_route=\/wp\/v2\/posts\/47424","targetHints":{"allow":["GET"]}}],"collection":[{"href":"https:\/\/revistazetta.com\/index.php?rest_route=\/wp\/v2\/posts"}],"about":[{"href":"https:\/\/revistazetta.com\/index.php?rest_route=\/wp\/v2\/types\/post"}],"author":[{"embeddable":true,"href":"https:\/\/revistazetta.com\/index.php?rest_route=\/wp\/v2\/users\/3"}],"replies":[{"embeddable":true,"href":"https:\/\/revistazetta.com\/index.php?rest_route=%2Fwp%2Fv2%2Fcomments&post=47424"}],"version-history":[{"count":0,"href":"https:\/\/revistazetta.com\/index.php?rest_route=\/wp\/v2\/posts\/47424\/revisions"}],"wp:featuredmedia":[{"embeddable":true,"href":"https:\/\/revistazetta.com\/index.php?rest_route=\/wp\/v2\/media\/47425"}],"wp:attachment":[{"href":"https:\/\/revistazetta.com\/index.php?rest_route=%2Fwp%2Fv2%2Fmedia&parent=47424"}],"wp:term":[{"taxonomy":"category","embeddable":true,"href":"https:\/\/revistazetta.com\/index.php?rest_route=%2Fwp%2Fv2%2Fcategories&post=47424"},{"taxonomy":"post_tag","embeddable":true,"href":"https:\/\/revistazetta.com\/index.php?rest_route=%2Fwp%2Fv2%2Ftags&post=47424"}],"curies":[{"name":"wp","href":"https:\/\/api.w.org\/{rel}","templated":true}]}}