{"id":47426,"date":"2022-09-21T07:31:11","date_gmt":"2022-09-21T12:31:11","guid":{"rendered":"https:\/\/revistazetta.com\/?p=47426"},"modified":"2022-09-21T07:31:11","modified_gmt":"2022-09-21T12:31:11","slug":"iderbol-exalta-a-ganadores-en-el-abierto-internacional-de-paraatletismo-y-primer-clasificatorio-a-los-vi-juegos-paranacionales-2023","status":"publish","type":"post","link":"https:\/\/revistazetta.com\/?p=47426","title":{"rendered":"Iderbol exalta a ganadores en el Abierto Internacional de Paraatletismo y Primer Clasificatorio a los VI Juegos Paranacionales 2023"},"content":{"rendered":"<p><span style=\"color: #0000ff;\"><em><strong>*La delegaci\u00f3n de Bol\u00edvar se trajo a casa 5 medallas de oro, 9 medallas de plata y 4 de bronce.<\/strong><\/em><\/span><\/p>\n<p><strong>Cartagena de Indias, 21 de septiembre de 2022.-<\/strong> Buenos resultados obtuvieron los deportistas en condici\u00f3n de discapacidad que participaron en el Abierto de Paraatletismo y en el Primer Clasificatorio a los VI Juegos Paranacionales 2023, realizado en la ciudad de Cali, del 11 al 18 de septiembre. Bol\u00edvar viaj\u00f3 con una delegaci\u00f3n conformada por 29 personas entre deportistas y entrenadores, gracias al apoyo de la Gobernaci\u00f3n de Bol\u00edvar, a trav\u00e9s de Iderbol.<\/p>\n<p><img loading=\"lazy\" decoding=\"async\" class=\"alignnone size-medium wp-image-47428\" src=\"https:\/\/revistazetta.com\/wp-content\/uploads\/2022\/09\/WhatsApp-Image-2022-09-20-at-4.38.19-PM-400x317.jpeg\" alt=\"\" width=\"400\" height=\"317\" srcset=\"https:\/\/revistazetta.com\/wp-content\/uploads\/2022\/09\/WhatsApp-Image-2022-09-20-at-4.38.19-PM-400x317.jpeg 400w, https:\/\/revistazetta.com\/wp-content\/uploads\/2022\/09\/WhatsApp-Image-2022-09-20-at-4.38.19-PM-1024x811.jpeg 1024w, https:\/\/revistazetta.com\/wp-content\/uploads\/2022\/09\/WhatsApp-Image-2022-09-20-at-4.38.19-PM-1536x1216.jpeg 1536w, https:\/\/revistazetta.com\/wp-content\/uploads\/2022\/09\/WhatsApp-Image-2022-09-20-at-4.38.19-PM.jpeg 1600w\" sizes=\"auto, (max-width: 400px) 100vw, 400px\" \/><\/p>\n<p>El gerente de Iderbol, Pedro Al\u00ed Al\u00ed, se mostr\u00f3 contento por los resultados obtenidos y felicit\u00f3 a los ganadores. \u201cQuedamos en el tercer lugar a nivel nacional, quiere decir que vamos subiendo y las metas que nos hemos trazado para los Juegos Nacionales y Paranacionales van por buen camino. Nuestro medallista Omar Acosta Soto es nuestra mejor carta y la carta de Colombia para los Juegos Paraolimp\u00edcos\u201d.<\/p>\n<p>Luis Henrrique Palencia, atleta en los 100, 200 y 400 mts planos, agradeci\u00f3 a Dios, al entrenador y el apoyo recibido por Iderbol y dijo que \u201cestoy muy contento por mis logros y la idea es seguir trabajando para llegar a lo mas alto. Me preparar\u00e9 para participar en la competencia que se realizar\u00e1 en Barranquilla en dos meses y mi meta y sue\u00f1o mas grande es representar al pa\u00eds a nivel internacional\u201d.<\/p>\n<p>Ganadores<\/p>\n<p><strong>Omar Acosta Soto:<\/strong><br \/>\n-100 metros T36 &#8211; Oro<br \/>\n-Salto Largo T36 &#8211; Oro<br \/>\n&#8211; Lanzamiento Disco F36 &#8211; Bronce<\/p>\n<p><strong>Jes\u00e9s Tamara: <\/strong><br \/>\n-100 metros T36 &#8211; Plata<br \/>\n-200 Metros T36 &#8211; Oro<br \/>\n-400 metros T36 &#8211; Plata<\/p>\n<p><strong>Joel Valdelamar:<\/strong><br \/>\n-L\/miento Disco F54 -Oro<br \/>\n-L\/miento Bala F54 -Bronce<\/p>\n<p><strong>Jaifer Ospino:<\/strong><br \/>\n-Salto Largo T11 &#8211; Oro<\/p>\n<p><strong>Kent Romero: <\/strong><br \/>\n-100 metros T35 &#8211; Plata<br \/>\n-200 Metros T35 &#8211; Plata<br \/>\n-400 metros T35 &#8211; Plata<\/p>\n<p><strong>Luis Fernando Henrrique:<\/strong><br \/>\n&#8211; 200 metros T11 &#8211; Plata<br \/>\n&#8211; 400 metros T11 &#8211; Plata<br \/>\n( Con el gu\u00eda Jair de Luque )<\/p>\n<p><strong>Leonardo Mendoza:<\/strong><br \/>\n-L\/miento Bala F32-Bronce<\/p>\n<p><strong>Relevo 4&#215;100 T20 &#8211; Cognitivos &#8211; Bronce <\/strong><br \/>\n&#8211; Jessith Medrano<br \/>\n&#8211; Cristian Julio<br \/>\n&#8211; Wilmer Fonseca<br \/>\n&#8211; Fabian Julio<\/p>\n<p>&nbsp;<\/p>\n","protected":false},"excerpt":{"rendered":"<p>*La delegaci\u00f3n de Bol\u00edvar se trajo a casa 5 medallas de oro, 9 medallas de plata y 4 de bronce. Cartagena de Indias, 21 de septiembre de 2022.- Buenos resultados obtuvieron los deportistas en condici\u00f3n de discapacidad que participaron en el Abierto de Paraatletismo y en el Primer Clasificatorio a los VI Juegos Paranacionales 2023, realizado en la ciudad de Cali, del 11 al 18 de septiembre. Bol\u00edvar viaj\u00f3 con una delegaci\u00f3n conformada por 29 personas entre deportistas y entrenadores, gracias al apoyo de la Gobernaci\u00f3n de Bol\u00edvar, a trav\u00e9s&#8230; <\/p>\n","protected":false},"author":3,"featured_media":47427,"comment_status":"closed","ping_status":"closed","sticky":false,"template":"","format":"standard","meta":{"footnotes":"","_links_to":"","_links_to_target":""},"categories":[53,90],"tags":[308,333,364],"class_list":["post-47426","post","type-post","status-publish","format-standard","has-post-thumbnail","hentry","category-deportes","category-iderbol","tag-deportes","tag-iderbol","tag-pedro-ali"],"_links":{"self":[{"href":"https:\/\/revistazetta.com\/index.php?rest_route=\/wp\/v2\/posts\/47426","targetHints":{"allow":["GET"]}}],"collection":[{"href":"https:\/\/revistazetta.com\/index.php?rest_route=\/wp\/v2\/posts"}],"about":[{"href":"https:\/\/revistazetta.com\/index.php?rest_route=\/wp\/v2\/types\/post"}],"author":[{"embeddable":true,"href":"https:\/\/revistazetta.com\/index.php?rest_route=\/wp\/v2\/users\/3"}],"replies":[{"embeddable":true,"href":"https:\/\/revistazetta.com\/index.php?rest_route=%2Fwp%2Fv2%2Fcomments&post=47426"}],"version-history":[{"count":0,"href":"https:\/\/revistazetta.com\/index.php?rest_route=\/wp\/v2\/posts\/47426\/revisions"}],"wp:featuredmedia":[{"embeddable":true,"href":"https:\/\/revistazetta.com\/index.php?rest_route=\/wp\/v2\/media\/47427"}],"wp:attachment":[{"href":"https:\/\/revistazetta.com\/index.php?rest_route=%2Fwp%2Fv2%2Fmedia&parent=47426"}],"wp:term":[{"taxonomy":"category","embeddable":true,"href":"https:\/\/revistazetta.com\/index.php?rest_route=%2Fwp%2Fv2%2Fcategories&post=47426"},{"taxonomy":"post_tag","embeddable":true,"href":"https:\/\/revistazetta.com\/index.php?rest_route=%2Fwp%2Fv2%2Ftags&post=47426"}],"curies":[{"name":"wp","href":"https:\/\/api.w.org\/{rel}","templated":true}]}}