{"id":47483,"date":"2022-09-29T18:45:06","date_gmt":"2022-09-29T23:45:06","guid":{"rendered":"https:\/\/revistazetta.com\/?p=47483"},"modified":"2022-09-29T18:49:23","modified_gmt":"2022-09-29T23:49:23","slug":"la-ampliacion-del-rafael-nunez-hay-que-hacerla-maria-claudia-gedeon","status":"publish","type":"post","link":"https:\/\/revistazetta.com\/?p=47483","title":{"rendered":"\u00abLa ampliaci\u00f3n del Rafael N\u00fa\u00f1ez hay que hacerla\u00bb: Mar\u00eda Claudia Gede\u00f3n"},"content":{"rendered":"<p><strong>Cartagena de Indias, 30 de septiembre de 2022.-<\/strong>\u00a0El aeropuerto Rafael N\u00fa\u00f1ez est\u00e1 poniendo en servicio una ingeniosa ampliaci\u00f3n de su sala de abordaje para reducir el hacinamiento que se presenta cuando hay confluencia de vuelos, lo que es un indicio claro de la inaplazable necesidad de ampliar todo el terminal a\u00e9reo.<\/p>\n<p>La alternativa es la adaptaci\u00f3n de un espacio de oficinas colindantes a la sala, pero la verdadera soluci\u00f3n est\u00e1 en construir el muelle internacional y dejar todo el edificio actual para el servicio nacional.\u00a0Si en 1996 se movilizaban cerca de 800 mil pasajeros, la perspectiva para 2022 es finalizar con un movimiento superior a 7 millones de personas, y la proyecci\u00f3n cercana es que Cartagena de Indias puede llegar a movilizar 12 millones de pasajeros, pero requiere una terminal m\u00e1s amplia, independiente si fructifica el proyecto de nuevo aeropuerto en el norte de Bol\u00edvar.<\/p>\n<p><img loading=\"lazy\" decoding=\"async\" class=\"alignnone wp-image-47484 size-large\" src=\"https:\/\/revistazetta.com\/wp-content\/uploads\/2022\/09\/mc-6-1024x574.png\" alt=\"\" width=\"740\" height=\"415\" srcset=\"https:\/\/revistazetta.com\/wp-content\/uploads\/2022\/09\/mc-6-1024x574.png 1024w, https:\/\/revistazetta.com\/wp-content\/uploads\/2022\/09\/mc-6-400x224.png 400w, https:\/\/revistazetta.com\/wp-content\/uploads\/2022\/09\/mc-6-1536x861.png 1536w, https:\/\/revistazetta.com\/wp-content\/uploads\/2022\/09\/mc-6-2048x1148.png 2048w\" sizes=\"auto, (max-width: 740px) 100vw, 740px\" \/><\/p>\n<p>Las \u00e1reas para la ampliaci\u00f3n est\u00e1n identificadas y el plan incluye el traslado de la estaci\u00f3n de combustible (actualmente aleda\u00f1a a zona residencial de Crespo), una v\u00eda auxiliar para movimiento de aviones, y la construcci\u00f3n del edificio para el servicio internacional con cinco muelles de abordaje, entre las principales obras.<\/p>\n<p>Adem\u00e1s de su ampliaci\u00f3n, el aeropuerto Rafael N\u00fa\u00f1ez tambi\u00e9n debe clarificar su futuro administrativo, pues el actual operador -SACSA- tiene vida contractual hasta el pr\u00f3ximo 31 diciembre.<\/p>\n<p>Los diferentes escenarios los tiene muy claros Mar\u00eda Claudia Gede\u00f3n, quien es la cabeza visible de la Sociedad Aeroportuaria de la Costa, firma que desde septiembre de 1996 viene administrando el aeropuerto de Cartagena de Indias.<\/p>\n<p>Gede\u00f3n destaca que el nuevo gobierno se actualiz\u00f3 muy pronto sobre la realidad del aeropuerto de Cartagena y su futuro.<\/p>\n<p>La empresaria se\u00f1al\u00f3 que es vital culminar el proceso de APP, que fue presentado en 2013, y que debe definir un nuevo operador, bien sea SACSA u otra firma que entre a formular propuesta.<\/p>\n<p>Mar\u00eda Claudia Gede\u00f3n es la invitada del programa \u00abDe la A a la Zertta\u00bb y en di\u00e1logo con John Zamora evoc\u00f3 los momentos m\u00e1s significativos de estos 26 a\u00f1os de servicio, como las visitas Bill Clinton o Barak Obama, presidentes de Estados Unidos, y de muchos otros jefes de estado.<\/p>\n<p><iframe loading=\"lazy\" title=\"YouTube video player\" src=\"https:\/\/www.youtube.com\/embed\/qwY1gQ0V2pE\" width=\"560\" height=\"315\" frameborder=\"0\" allowfullscreen=\"allowfullscreen\"><\/iframe><\/p>\n","protected":false},"excerpt":{"rendered":"<p>Cartagena de Indias, 30 de septiembre de 2022.-\u00a0El aeropuerto Rafael N\u00fa\u00f1ez est\u00e1 poniendo en servicio una ingeniosa ampliaci\u00f3n de su sala de abordaje para reducir el hacinamiento que se presenta cuando hay confluencia de vuelos, lo que es un indicio claro de la inaplazable necesidad de ampliar todo el terminal a\u00e9reo. La alternativa es la adaptaci\u00f3n de un espacio de oficinas colindantes a la sala, pero la verdadera soluci\u00f3n est\u00e1 en construir el muelle internacional y dejar todo el edificio actual para el servicio nacional.\u00a0Si en 1996 se movilizaban cerca&#8230; <\/p>\n","protected":false},"author":3,"featured_media":47485,"comment_status":"closed","ping_status":"closed","sticky":false,"template":"","format":"standard","meta":{"footnotes":"","_links_to":"","_links_to_target":""},"categories":[3,75,52],"tags":[1229,191,292,285,1228,318],"class_list":["post-47483","post","type-post","status-publish","format-standard","has-post-thumbnail","hentry","category-ciudad","category-destacada","category-puerto","tag-aeropuerto-rafael-nunez","tag-cartagena-de-indias","tag-ciudad","tag-destacada","tag-maria-claudia-gedeon","tag-puerto"],"_links":{"self":[{"href":"https:\/\/revistazetta.com\/index.php?rest_route=\/wp\/v2\/posts\/47483","targetHints":{"allow":["GET"]}}],"collection":[{"href":"https:\/\/revistazetta.com\/index.php?rest_route=\/wp\/v2\/posts"}],"about":[{"href":"https:\/\/revistazetta.com\/index.php?rest_route=\/wp\/v2\/types\/post"}],"author":[{"embeddable":true,"href":"https:\/\/revistazetta.com\/index.php?rest_route=\/wp\/v2\/users\/3"}],"replies":[{"embeddable":true,"href":"https:\/\/revistazetta.com\/index.php?rest_route=%2Fwp%2Fv2%2Fcomments&post=47483"}],"version-history":[{"count":0,"href":"https:\/\/revistazetta.com\/index.php?rest_route=\/wp\/v2\/posts\/47483\/revisions"}],"wp:featuredmedia":[{"embeddable":true,"href":"https:\/\/revistazetta.com\/index.php?rest_route=\/wp\/v2\/media\/47485"}],"wp:attachment":[{"href":"https:\/\/revistazetta.com\/index.php?rest_route=%2Fwp%2Fv2%2Fmedia&parent=47483"}],"wp:term":[{"taxonomy":"category","embeddable":true,"href":"https:\/\/revistazetta.com\/index.php?rest_route=%2Fwp%2Fv2%2Fcategories&post=47483"},{"taxonomy":"post_tag","embeddable":true,"href":"https:\/\/revistazetta.com\/index.php?rest_route=%2Fwp%2Fv2%2Ftags&post=47483"}],"curies":[{"name":"wp","href":"https:\/\/api.w.org\/{rel}","templated":true}]}}