{"id":4749,"date":"2015-03-02T22:35:14","date_gmt":"2015-03-03T03:35:14","guid":{"rendered":"http:\/\/www.revistazetta.com\/?p=4749"},"modified":"2015-03-02T22:35:14","modified_gmt":"2015-03-03T03:35:14","slug":"saray-contra-el-caracol-africano-y-las-llantas","status":"publish","type":"post","link":"https:\/\/revistazetta.com\/?p=4749","title":{"rendered":"Saray contra el caracol africano y las llantas"},"content":{"rendered":"<p>La concejal Saray Aguas, del partido Alianza Verde, present\u00f3 sendos proyectos de acuerdo con acento ambiental: el primero establece un \u201cplan de contingencia para la prevenci\u00f3n, monitoreo y control del Caracol Gigante Africano en el distrito del Cartagena\u201d. La dirigente afirma que esta especie es altamente reproductiva, nociva para la salud humana, esteriliza la tierra y es invasora. Est\u00e1 en varias zonas del pa\u00eds y ya est\u00e1 en Turbaco y Cartagena.<\/p>\n<p>La otra iniciativa propone la adopci\u00f3n de un sistema de Recolecci\u00f3n Selectiva y Gesti\u00f3n Ambiental de las Llantas Usadas en la ciudad. Cuando ya no se usan, no pueden enviarse al basurero, por lo que la ciudad se convierte en un tiradero de llantas a cielo abierto.<\/p>\n","protected":false},"excerpt":{"rendered":"<p>La concejal Saray Aguas, del partido Alianza Verde, present\u00f3 sendos proyectos de acuerdo con acento ambiental: el primero establece un \u201cplan de contingencia para la prevenci\u00f3n, monitoreo y control del Caracol Gigante Africano en el distrito del Cartagena\u201d. La dirigente afirma que esta especie es altamente reproductiva, nociva para la salud humana, esteriliza la tierra y es invasora. Est\u00e1 en varias zonas del pa\u00eds y ya est\u00e1 en Turbaco y Cartagena. La otra iniciativa propone la adopci\u00f3n de un sistema de Recolecci\u00f3n Selectiva y Gesti\u00f3n Ambiental de las Llantas Usadas&#8230; <\/p>\n","protected":false},"author":3,"featured_media":4750,"comment_status":"open","ping_status":"closed","sticky":false,"template":"","format":"standard","meta":{"footnotes":"","_links_to":"","_links_to_target":""},"categories":[27,4],"tags":[],"class_list":["post-4749","post","type-post","status-publish","format-standard","has-post-thumbnail","hentry","category-politicaconcejo","category-politica"],"_links":{"self":[{"href":"https:\/\/revistazetta.com\/index.php?rest_route=\/wp\/v2\/posts\/4749","targetHints":{"allow":["GET"]}}],"collection":[{"href":"https:\/\/revistazetta.com\/index.php?rest_route=\/wp\/v2\/posts"}],"about":[{"href":"https:\/\/revistazetta.com\/index.php?rest_route=\/wp\/v2\/types\/post"}],"author":[{"embeddable":true,"href":"https:\/\/revistazetta.com\/index.php?rest_route=\/wp\/v2\/users\/3"}],"replies":[{"embeddable":true,"href":"https:\/\/revistazetta.com\/index.php?rest_route=%2Fwp%2Fv2%2Fcomments&post=4749"}],"version-history":[{"count":0,"href":"https:\/\/revistazetta.com\/index.php?rest_route=\/wp\/v2\/posts\/4749\/revisions"}],"wp:featuredmedia":[{"embeddable":true,"href":"https:\/\/revistazetta.com\/index.php?rest_route=\/wp\/v2\/media\/4750"}],"wp:attachment":[{"href":"https:\/\/revistazetta.com\/index.php?rest_route=%2Fwp%2Fv2%2Fmedia&parent=4749"}],"wp:term":[{"taxonomy":"category","embeddable":true,"href":"https:\/\/revistazetta.com\/index.php?rest_route=%2Fwp%2Fv2%2Fcategories&post=4749"},{"taxonomy":"post_tag","embeddable":true,"href":"https:\/\/revistazetta.com\/index.php?rest_route=%2Fwp%2Fv2%2Ftags&post=4749"}],"curies":[{"name":"wp","href":"https:\/\/api.w.org\/{rel}","templated":true}]}}