{"id":47605,"date":"2022-10-06T06:16:21","date_gmt":"2022-10-06T11:16:21","guid":{"rendered":"https:\/\/revistazetta.com\/?p=47605"},"modified":"2022-10-06T06:16:21","modified_gmt":"2022-10-06T11:16:21","slug":"seguridad-petro-le-copia-blel-pero-repele-a-dau","status":"publish","type":"post","link":"https:\/\/revistazetta.com\/?p=47605","title":{"rendered":"Seguridad: Petro le \u00abcopia\u00bb Blel pero repele a Dau"},"content":{"rendered":"<p><strong>Cartagena de Indias, 6 de octubre de 2022.-<\/strong> El presidente Gustavo Petro dej\u00f3 la silla vac\u00eda en el esperado consejo de seguridad realizado este mi\u00e9rcoles en Cartagena de Indias, convocado ante la creciente ola de homicidios y atracos.\u00a0En los cinco d\u00edas previos, Cartagena sum\u00f3 11 homicidios, 271 en el a\u00f1o, 171 en sicariatos.<\/p>\n<p>Aunque los motivos eran contundentes para tener la presencia del mandatario, no hay una explicaci\u00f3n oficial de su excusa a \u00faltima hora, pues Petro ya hab\u00eda encabezado un consejo de seguridad en Bogot\u00e1.<\/p>\n<p>El consejo de seguridad en Cartagena se hizo con el ministro de Defensa, Iv\u00e1n Vel\u00e1squez; la c\u00fapula de las Fuerzas Armadas y de Polic\u00eda; el gobernador Vicente Blel, y el desprestigiado alcalde de Cartagena, William Dau, responsable de un desgobierno sin precedentes.<\/p>\n<p>No se divulgaron medidas concretas sino se reiter\u00f3 el lenguaje ret\u00f3rico y gaseosos de refuerzo de seguridad.<\/p>\n<p>Una marcha en contra del desgobierno William Dau y la solicitud de varios dirigentes pol\u00edticos, comunales y gremiales, sumaron voces para llevar al presidente Petro a convocar este consejo de seguridad.<\/p>\n<p>El 20 de agosto pasado, cuando Petro apenas llevaba un par de semanas en el cargo, atendi\u00f3 el llamado del gobernador de Bol\u00edvar, Vicente Blel Scaff, con quien viaj\u00f3 a San Pablo para atender tambi\u00e9n asuntos de orden p\u00fablico, tras el asesinato de varios polic\u00edas.<\/p>\n<p>Tanto la situaci\u00f3n del sur de Bol\u00edvar como la de Cartagena revest\u00edan gravedad, pero es evidente que el presidente Petro le \u00abcopia\u00bb al gobernador Blel y repele al alcalde Dau.<\/p>\n","protected":false},"excerpt":{"rendered":"<p>Cartagena de Indias, 6 de octubre de 2022.- El presidente Gustavo Petro dej\u00f3 la silla vac\u00eda en el esperado consejo de seguridad realizado este mi\u00e9rcoles en Cartagena de Indias, convocado ante la creciente ola de homicidios y atracos.\u00a0En los cinco d\u00edas previos, Cartagena sum\u00f3 11 homicidios, 271 en el a\u00f1o, 171 en sicariatos. Aunque los motivos eran contundentes para tener la presencia del mandatario, no hay una explicaci\u00f3n oficial de su excusa a \u00faltima hora, pues Petro ya hab\u00eda encabezado un consejo de seguridad en Bogot\u00e1. El consejo de seguridad&#8230; <\/p>\n","protected":false},"author":3,"featured_media":47606,"comment_status":"closed","ping_status":"closed","sticky":false,"template":"","format":"standard","meta":{"footnotes":"","_links_to":"","_links_to_target":""},"categories":[75,4],"tags":[191,285,519,298,1233,1251,164,431],"class_list":["post-47605","post","type-post","status-publish","format-standard","has-post-thumbnail","hentry","category-destacada","category-politica","tag-cartagena-de-indias","tag-destacada","tag-gustavo-petro","tag-politica","tag-seguridad-ciudadana","tag-sicariato","tag-vicente-blel","tag-william-dau"],"_links":{"self":[{"href":"https:\/\/revistazetta.com\/index.php?rest_route=\/wp\/v2\/posts\/47605","targetHints":{"allow":["GET"]}}],"collection":[{"href":"https:\/\/revistazetta.com\/index.php?rest_route=\/wp\/v2\/posts"}],"about":[{"href":"https:\/\/revistazetta.com\/index.php?rest_route=\/wp\/v2\/types\/post"}],"author":[{"embeddable":true,"href":"https:\/\/revistazetta.com\/index.php?rest_route=\/wp\/v2\/users\/3"}],"replies":[{"embeddable":true,"href":"https:\/\/revistazetta.com\/index.php?rest_route=%2Fwp%2Fv2%2Fcomments&post=47605"}],"version-history":[{"count":0,"href":"https:\/\/revistazetta.com\/index.php?rest_route=\/wp\/v2\/posts\/47605\/revisions"}],"wp:featuredmedia":[{"embeddable":true,"href":"https:\/\/revistazetta.com\/index.php?rest_route=\/wp\/v2\/media\/47606"}],"wp:attachment":[{"href":"https:\/\/revistazetta.com\/index.php?rest_route=%2Fwp%2Fv2%2Fmedia&parent=47605"}],"wp:term":[{"taxonomy":"category","embeddable":true,"href":"https:\/\/revistazetta.com\/index.php?rest_route=%2Fwp%2Fv2%2Fcategories&post=47605"},{"taxonomy":"post_tag","embeddable":true,"href":"https:\/\/revistazetta.com\/index.php?rest_route=%2Fwp%2Fv2%2Ftags&post=47605"}],"curies":[{"name":"wp","href":"https:\/\/api.w.org\/{rel}","templated":true}]}}