{"id":47631,"date":"2022-10-08T07:48:28","date_gmt":"2022-10-08T12:48:28","guid":{"rendered":"https:\/\/revistazetta.com\/?p=47631"},"modified":"2022-10-08T07:48:28","modified_gmt":"2022-10-08T12:48:28","slug":"monumental-concierto-de-los-diferentes-porros-en-colombia-para-estrenar-su-premio-nacional","status":"publish","type":"post","link":"https:\/\/revistazetta.com\/?p=47631","title":{"rendered":"Monumental concierto de \u00abLos diferentes porros en Colombia\u00bb para estrenar su premio nacional"},"content":{"rendered":"<div class=\"xdj266r x11i5rnm xat24cr x1mh8g0r x1vvkbs x126k92a\">\n<div dir=\"auto\"><strong>Cartagena de Indias, 8 de octubre de 2022.-<\/strong> Un monumental estreno del Premio Nacional Alejandro \u00c1ngel Escobar 2022 tuvo el proyecto \u00abLos diferentes porros en Colombia\u00bb, con la direcci\u00f3n del docente e investigador Jorge Otero Manchego y la agrupaci\u00f3n \u00abArmon\u00edas de Bol\u00edvar\u00bb<\/div>\n<\/div>\n<div dir=\"auto\">El sal\u00f3n Pierre Daguet de Unibac qued\u00f3 impregnado con todos los sabores del porro, en una traves\u00eda musical con aroma de las sabanas del Gran Bol\u00edvar, dejando claro que el premio obtenido le hace honor a la altura acad\u00e9mica del proyecto.<\/div>\n<div dir=\"auto\">La presentaci\u00f3n, registrada el pasado jueves, cont\u00f3 con la asistencia de la rectora de Unibac, Sacra Nader, quien destac\u00f3 los resultados de las diferentes investigaciones acad\u00e9micas que se vienen concretando en esta instituci\u00f3n universitaria.<\/div>\n<div dir=\"auto\"><img loading=\"lazy\" decoding=\"async\" class=\"alignnone size-medium wp-image-47636\" src=\"https:\/\/revistazetta.com\/wp-content\/uploads\/2022\/10\/Porro-5-400x267.jpeg\" alt=\"\" width=\"400\" height=\"267\" srcset=\"https:\/\/revistazetta.com\/wp-content\/uploads\/2022\/10\/Porro-5-400x267.jpeg 400w, https:\/\/revistazetta.com\/wp-content\/uploads\/2022\/10\/Porro-5-1024x683.jpeg 1024w, https:\/\/revistazetta.com\/wp-content\/uploads\/2022\/10\/Porro-5.jpeg 1200w\" sizes=\"auto, (max-width: 400px) 100vw, 400px\" \/><\/div>\n<div dir=\"auto\"><\/div>\n<div dir=\"auto\"><strong>Premio Nacional Alejandro \u00c1ngel Escobar 2022 <\/strong><\/div>\n<div dir=\"auto\">\n<p>Jorge Daniel Otero Manchego, un vers\u00e1til m\u00fasico con vasta experiencia, director del semillero de investigaci\u00f3n banda \u2018Armon\u00edas de Bol\u00edvar\u2019, quien cuenta con una amplia experiencia como productor, compositor y arreglista, egresado del Programa de M\u00fasica, actualmente docente e investigador del Centro de Investigaci\u00f3n Musical del Conservatorio Adolfo Mej\u00eda de Unibac ( CIMCAM), hace parte del grupo de investigaci\u00f3n que recibi\u00f3 el Premio Alejandro \u00c1ngel Escobar en la categor\u00eda Premio Nacional Ciencias Sociales y Humanas otorgado por la Fundaci\u00f3nAlejandro \u00c1ngel Escobar (FAAE) Colombia, creada en 1955 para fomentar y difundir la investigaci\u00f3n, la ciencia y la solidaridad en Colombia.<\/p>\n<p><img loading=\"lazy\" decoding=\"async\" class=\"alignnone size-medium wp-image-47633\" src=\"https:\/\/revistazetta.com\/wp-content\/uploads\/2022\/10\/Porro-2-400x267.jpeg\" alt=\"\" width=\"400\" height=\"267\" srcset=\"https:\/\/revistazetta.com\/wp-content\/uploads\/2022\/10\/Porro-2-400x267.jpeg 400w, https:\/\/revistazetta.com\/wp-content\/uploads\/2022\/10\/Porro-2.jpeg 960w\" sizes=\"auto, (max-width: 400px) 100vw, 400px\" \/><\/p>\n<p>Este premio fue recibido por el trabajo de investigaci\u00f3n <strong>\ud835\udc73\ud835\udc90\ud835\udc94 <\/strong><strong>\ud835\udc6b\ud835\udc8a\ud835\udc87\ud835\udc86\ud835\udc93\ud835\udc86\ud835\udc8f\ud835\udc95\ud835\udc86\ud835\udc94 <\/strong><strong>\ud835\udc77\ud835\udc90\ud835\udc93\ud835\udc93\ud835\udc90\ud835\udc94 <\/strong><strong>\ud835\udc86\ud835\udc8f <\/strong><strong>\ud835\udc6a\ud835\udc90\ud835\udc8d\ud835\udc90\ud835\udc8e\ud835\udc83\ud835\udc8a\ud835\udc82<\/strong>, \u201cinvestigaci\u00f3n multidisciplinar que combina la investigaci\u00f3n acad\u00e9mica y la creaci\u00f3n art\u00edstica en el campo de la m\u00fasica. El equipo de trabajo estuvo conformado por nueve artistas e investigadores adscritos a tres entidades: la Universidad de Antioquia en Medell\u00edn, la <strong>Instituci\u00f3n Universitaria Bellas Artes y Ciencias de Bol\u00edvar (Unibac) en Cartagena<\/strong> y la Corporaci\u00f3n Sonidos Enraizados de la ciudad de Bogot\u00e1. La diversidad en esta investigaci\u00f3n es el fruto de un trabajo multidisciplinar de un colectivo compuesto por individuos con diferentes saberes y capacidades para indagar, reflexionar y crear\u201d.<\/p>\n<p><img loading=\"lazy\" decoding=\"async\" class=\"alignnone size-medium wp-image-47635\" src=\"https:\/\/revistazetta.com\/wp-content\/uploads\/2022\/10\/Porro-4-400x263.jpeg\" alt=\"\" width=\"400\" height=\"263\" srcset=\"https:\/\/revistazetta.com\/wp-content\/uploads\/2022\/10\/Porro-4-400x263.jpeg 400w, https:\/\/revistazetta.com\/wp-content\/uploads\/2022\/10\/Porro-4-1024x673.jpeg 1024w, https:\/\/revistazetta.com\/wp-content\/uploads\/2022\/10\/Porro-4.jpeg 1280w\" sizes=\"auto, (max-width: 400px) 100vw, 400px\" \/><\/p>\n<p>Este trabajo estuvo liderado por el Grupo de Investigaci\u00f3n M\u00fasica Regionales, que est\u00e1 integrado por etnomusic\u00f3logos, pedagogos musicales, compositores, arreglistas, int\u00e9rpretes y profesionales de \u00e1reas afines de la Facultad de Artes de la Universidad de Antioquia. El grupo fue ganador de la convocatoria Investigaci\u00f3n + Creaci\u00f3n en Artes InvestigARTE 1.0, del Ministerio de Ciencia, Tecnolog\u00eda e Investigaci\u00f3n Minciencias, dentro del Programa Nacional de Ciencia, Tecnolog\u00eda e Innovaci\u00f3n en Ciencias Humanas Sociales y Educaci\u00f3n.<\/p>\n<p><img loading=\"lazy\" decoding=\"async\" class=\"alignnone size-medium wp-image-47637\" src=\"https:\/\/revistazetta.com\/wp-content\/uploads\/2022\/10\/Porro-7-400x267.jpeg\" alt=\"\" width=\"400\" height=\"267\" srcset=\"https:\/\/revistazetta.com\/wp-content\/uploads\/2022\/10\/Porro-7-400x267.jpeg 400w, https:\/\/revistazetta.com\/wp-content\/uploads\/2022\/10\/Porro-7-1024x683.jpeg 1024w, https:\/\/revistazetta.com\/wp-content\/uploads\/2022\/10\/Porro-7.jpeg 1200w\" sizes=\"auto, (max-width: 400px) 100vw, 400px\" \/><\/p>\n<p>El proyecto indaga por la variedad de m\u00fasicas denominadas \u201c<strong>porro<\/strong>\u201d en Colombia y, a partir de esta investigaci\u00f3n, propuso la creaci\u00f3n musical de nuevos repertorios de porros, con aproximaciones tanto tradicionalistas, como experimentales. Como objetivo general, este proyecto tuvo como fin, a partir de la comprensi\u00f3n de los diferentes tipos de m\u00fasica llamados\u00a0porro\u00a0en Colombia, componer, arreglar y producir al menos 28 porros en estudio. Con estas piezas se pretende dar cuenta de c\u00f3mo son los porros tradicionales, as\u00ed como explorar y proponer nuevas posibilidades est\u00e9ticas de creaci\u00f3n.<\/p>\n<p><img loading=\"lazy\" decoding=\"async\" class=\"alignnone size-medium wp-image-47634\" src=\"https:\/\/revistazetta.com\/wp-content\/uploads\/2022\/10\/Porro-3-400x267.jpeg\" alt=\"\" width=\"400\" height=\"267\" srcset=\"https:\/\/revistazetta.com\/wp-content\/uploads\/2022\/10\/Porro-3-400x267.jpeg 400w, https:\/\/revistazetta.com\/wp-content\/uploads\/2022\/10\/Porro-3-1024x683.jpeg 1024w, https:\/\/revistazetta.com\/wp-content\/uploads\/2022\/10\/Porro-3.jpeg 1200w\" sizes=\"auto, (max-width: 400px) 100vw, 400px\" \/><\/p>\n<p>La investigaci\u00f3n se dedica, en particular, a estudiar los repertorios de porros en Colombia, a trav\u00e9s del an\u00e1lisis y creaci\u00f3n de piezas que, con diferentes formatos y en diferentes tipos de m\u00fasicas, se pueden etiquetar bajo el t\u00e9rmino \u201cporros\u201d. A partir de ese an\u00e1lisis se busca definir las caracter\u00edsticas que identifican a cada tipo de porro y se realiz\u00f3 una transcripci\u00f3n de alrededor de 100 piezas, mediante una labor creativa que consta de tres partes: la creaci\u00f3n y grabaci\u00f3n de nuevos repertorios de porros, seg\u00fan los estilos analizados (como una forma de ampliaci\u00f3n y dinamizaci\u00f3n del repertorio); el arreglo, montaje y grabaci\u00f3n de versiones novedosas de algunos porros tradicionales con el fin de explorar nuevas posibles rutas est\u00e9ticas que puedan tomar estos g\u00e9neros; y finalmente, la composici\u00f3n y producci\u00f3n de nuevos porros, incorporando una exploraci\u00f3n t\u00edmbrica en la cual, a partir de la experimentaci\u00f3n con samplers, s\u00edntesis y efectos sonoros digitales, se proponga una innovadora forma de producci\u00f3n de porros usando diferentes herramientas de producci\u00f3n musical.<\/p>\n<p><img loading=\"lazy\" decoding=\"async\" class=\"alignnone size-medium wp-image-47638\" src=\"https:\/\/revistazetta.com\/wp-content\/uploads\/2022\/10\/Porro-8-400x267.jpeg\" alt=\"\" width=\"400\" height=\"267\" srcset=\"https:\/\/revistazetta.com\/wp-content\/uploads\/2022\/10\/Porro-8-400x267.jpeg 400w, https:\/\/revistazetta.com\/wp-content\/uploads\/2022\/10\/Porro-8-1024x683.jpeg 1024w, https:\/\/revistazetta.com\/wp-content\/uploads\/2022\/10\/Porro-8.jpeg 1200w\" sizes=\"auto, (max-width: 400px) 100vw, 400px\" \/><\/p>\n<p>Como parte de las preguntas de creaci\u00f3n el proyecto experimenta tanto en las estructuras compositivas de los diferentes tipos de porro, como en las maneras de plasmarse en un producto fonogr\u00e1fico, en las l\u00f3gicas y est\u00e9ticas de grabaci\u00f3n (entendiendo aqu\u00ed la ingenier\u00eda de sonido no solo como un proceso t\u00e9cnico, sino, ante todo, como un eslab\u00f3n creativo m\u00e1s dentro de la producci\u00f3n de las obras). En total se transcribieron al menos 25 piezas y se realizaron 4 producciones fonogr\u00e1ficas:\u00a0 una con 15 porros nuevos siguiendo los estilos tradicionales, otra producci\u00f3n con 12 arreglos experimentales de porros tradicionales en formato de voz y guitarra (interpretados por Claudia G\u00f3mez), y una \u00faltima, con la composici\u00f3n de 10 porros creados y producidos usando no los instrumentos tradicionales sino a partir de samplers, sintetizadores y software de producci\u00f3n musical digital. Adicionalmente, se realiz\u00f3 un documental que dio cuenta del proceso creativo, especialmente de la manera de realizar la producci\u00f3n en estudio de las piezas, entendiendo que el trabajo en estudio es parte del proceso de creaci\u00f3n.<\/p>\n<p><strong><em>\u201cTrabajo magistral que merece ser conocido y trabajado en distintos \u00e1mbitos, no s\u00f3lo los musicales, sino en la historia, la antropolog\u00eda y la geograf\u00eda humana, como una forma de profundizar en el conocimiento de la cultura colombiana\u201d. Jurado evaluador. <\/em><\/strong><\/p>\n<p>Los Premios Nacionales Alejandro \u00c1ngel Escobar son considerados como el m\u00e1s alto galard\u00f3n cient\u00edfico que se entrega en el pa\u00eds, no s\u00f3lo por la excelencia de quienes los han recibido, sino por el rigor de los jurados encargados de adjudicarlos.<\/p>\n<p>Para otorgar el Premio en Ciencias Sociales y Humanas son tenidos en cuenta investigaciones en las \u00e1reas de las ciencias sociales y humanas que constituyan un aporte creativo y riguroso para responder a la realidad de la sociedad contempor\u00e1nea desde diversos puntos de vista y que enriquezcan el debate nacional en \u00e1reas como por ejemplo historia, antropolog\u00eda, sociolog\u00eda.\u00a0 Estas obras deben tener implicaciones profundas en su \u00e1rea, con la facultad de abrir caminos y ampliar de manera insospechada su campo.<\/p>\n<p>Es importante resaltar la gesti\u00f3n realizada por el Centro de Investigaci\u00f3n y Desarrollo de Unibac liderado por el maestro Kenneth Moreno May, quien realiz\u00f3 un convenio con la Universidad de Antioquia, liderando todo el proceso de acuerdo entre las dos instituciones para la ejecuci\u00f3n del mismo.<\/p>\n<\/div>\n<p>&nbsp;<\/p>\n","protected":false},"excerpt":{"rendered":"<p>Cartagena de Indias, 8 de octubre de 2022.- Un monumental estreno del Premio Nacional Alejandro \u00c1ngel Escobar 2022 tuvo el proyecto \u00abLos diferentes porros en Colombia\u00bb, con la direcci\u00f3n del docente e investigador Jorge Otero Manchego y la agrupaci\u00f3n \u00abArmon\u00edas de Bol\u00edvar\u00bb El sal\u00f3n Pierre Daguet de Unibac qued\u00f3 impregnado con todos los sabores del porro, en una traves\u00eda musical con aroma de las sabanas del Gran Bol\u00edvar, dejando claro que el premio obtenido le hace honor a la altura acad\u00e9mica del proyecto. La presentaci\u00f3n, registrada el pasado jueves, cont\u00f3&#8230; <\/p>\n","protected":false},"author":3,"featured_media":47639,"comment_status":"closed","ping_status":"closed","sticky":false,"template":"","format":"standard","meta":{"footnotes":"","_links_to":"","_links_to_target":""},"categories":[41,43],"tags":[986,290,1244,304,1257,369],"class_list":["post-47631","post","type-post","status-publish","format-standard","has-post-thumbnail","hentry","category-cultura","category-cultura-musica","tag-armonias-de-bolivar","tag-cultura","tag-jorge-otero","tag-musica","tag-porros","tag-unibac"],"_links":{"self":[{"href":"https:\/\/revistazetta.com\/index.php?rest_route=\/wp\/v2\/posts\/47631","targetHints":{"allow":["GET"]}}],"collection":[{"href":"https:\/\/revistazetta.com\/index.php?rest_route=\/wp\/v2\/posts"}],"about":[{"href":"https:\/\/revistazetta.com\/index.php?rest_route=\/wp\/v2\/types\/post"}],"author":[{"embeddable":true,"href":"https:\/\/revistazetta.com\/index.php?rest_route=\/wp\/v2\/users\/3"}],"replies":[{"embeddable":true,"href":"https:\/\/revistazetta.com\/index.php?rest_route=%2Fwp%2Fv2%2Fcomments&post=47631"}],"version-history":[{"count":0,"href":"https:\/\/revistazetta.com\/index.php?rest_route=\/wp\/v2\/posts\/47631\/revisions"}],"wp:featuredmedia":[{"embeddable":true,"href":"https:\/\/revistazetta.com\/index.php?rest_route=\/wp\/v2\/media\/47639"}],"wp:attachment":[{"href":"https:\/\/revistazetta.com\/index.php?rest_route=%2Fwp%2Fv2%2Fmedia&parent=47631"}],"wp:term":[{"taxonomy":"category","embeddable":true,"href":"https:\/\/revistazetta.com\/index.php?rest_route=%2Fwp%2Fv2%2Fcategories&post=47631"},{"taxonomy":"post_tag","embeddable":true,"href":"https:\/\/revistazetta.com\/index.php?rest_route=%2Fwp%2Fv2%2Ftags&post=47631"}],"curies":[{"name":"wp","href":"https:\/\/api.w.org\/{rel}","templated":true}]}}