{"id":47640,"date":"2022-10-08T08:16:38","date_gmt":"2022-10-08T13:16:38","guid":{"rendered":"https:\/\/revistazetta.com\/?p=47640"},"modified":"2022-10-08T08:22:14","modified_gmt":"2022-10-08T13:22:14","slug":"bajo-el-yugo-contractual-de-la-colonizacion-antioquena-dau-e-ipcc-lanzaron-fiestas-de-independencia","status":"publish","type":"post","link":"https:\/\/revistazetta.com\/?p=47640","title":{"rendered":"Eh, ave Mar\u00eda&#8230; se form\u00f3 el bemb\u00e9: Bajo el yugo contractual de la colonizaci\u00f3n antioque\u00f1a, Dau e IPCC lanzaron \u00abFiestas de Independencia\u00bb"},"content":{"rendered":"<p><strong>Cartagena de Indias, 2022.- 8 de octubre de 2022.-<\/strong> Como una monumental contradicci\u00f3n, las Fiestas de Independencia de Cartagena de Indias se tienen que desarrollar \u00abbajo el yugo contractual\u00bb de la colonizaci\u00f3n antioque\u00f1a, que ejecutar\u00e1 un contrato de $2014 millones para ejecutar 16 eventos festivos.<\/p>\n<p>El desprestigiado alcalde William Dau y el director del IPCC, \u00d3scar Uriza, no encontraron (o no buscaron) a nadie en Cartagena de Indias con la capacidad contractual para adelantar las Fiestas de Independencia, sino que \u00aba dedo\u00bb contrataron a Plaza Mayor Medell\u00edn Convenciones y Exposiciones S.A. para que vengan y nos organicen unas festividades que los cartageneros llevamos organizando desde siempre.<\/p>\n<p><img loading=\"lazy\" decoding=\"async\" class=\"alignnone wp-image-47653 size-large\" src=\"https:\/\/revistazetta.com\/wp-content\/uploads\/2022\/10\/B13-883x1024.jpeg\" alt=\"\" width=\"740\" height=\"858\" srcset=\"https:\/\/revistazetta.com\/wp-content\/uploads\/2022\/10\/B13-883x1024.jpeg 883w, https:\/\/revistazetta.com\/wp-content\/uploads\/2022\/10\/B13-345x400.jpeg 345w, https:\/\/revistazetta.com\/wp-content\/uploads\/2022\/10\/B13-1325x1536.jpeg 1325w, https:\/\/revistazetta.com\/wp-content\/uploads\/2022\/10\/B13.jpeg 1766w\" sizes=\"auto, (max-width: 740px) 100vw, 740px\" \/><\/p>\n<p>Seg\u00fan Uriza, la firma de la \u00abneocolonizaci\u00f3n paisa\u00bb tendr\u00e1 que hacer todo lo que le diga el IPCC y contratar solamente a los actores cartageneros comprometidos con las festividades.<\/p>\n<p>Seg\u00fan Funcicar, la firma paisa recibir\u00e1 honorarios de $174 millones. Aj\u00e1, y si todo lo hacen los cartageneros, \u00bfqu\u00e9 justifica esa millonada? \u00bfNegocio redondo, como lo expresa la periodista Leidys Rivero en su columna?<\/p>\n<p>Ver:\u00a0<a href=\"https:\/\/www.eluniversal.com.co\/opinion\/columna\/negocio-redondo-XE7314220\" target=\"_blank\" rel=\"noopener\">https:\/\/www.eluniversal.com.co\/opinion\/columna\/negocio-redondo-XE7314220<\/a><\/p>\n<p>En ning\u00fan momento ni el alcalde Dau, con su desgobierno, ni el director del IPCC han revelado qu\u00e9 otras puertas tocaron, pues as\u00ed como se fueron para Medell\u00edn, \u00bfpor qu\u00e9 no Carnaval de Barranquilla S.A., Feria de Cali, Feria de Manizales, Carnaval de Blancos y Negros de Pasto, u otras organizaciones con capacidad comprobada y que hubieron podido ofrecer mejores condiciones?<\/p>\n<p>Se comprueba una vez m\u00e1s que el desprestigiado Dau tiene aversi\u00f3n por el talento cartagenero, y est\u00e1 seducido por los acentos interioranos para las principales facetas de su desgobierno.<\/p>\n<p><img loading=\"lazy\" decoding=\"async\" class=\"alignnone size-medium wp-image-47647\" src=\"https:\/\/revistazetta.com\/wp-content\/uploads\/2022\/10\/b7-400x225.jpeg\" alt=\"\" width=\"400\" height=\"225\" srcset=\"https:\/\/revistazetta.com\/wp-content\/uploads\/2022\/10\/b7-400x225.jpeg 400w, https:\/\/revistazetta.com\/wp-content\/uploads\/2022\/10\/b7.jpeg 1024w\" sizes=\"auto, (max-width: 400px) 100vw, 400px\" \/><\/p>\n<p><strong>Lanzamiento de las Fiestas de Independencia<\/strong><\/p>\n<p>Bajo la \u00e9gida paisa, las Fiestas de Independencia tuvieron su lanzamiento este viernes en una abarrotada Plaza de la Aduana, encabezado por el director del IPCC, \u00d3scar Uriza, y los lanceros Giovani Barandica y Etilvia Meza Ramos.<\/p>\n<p>El ramillete de candidatas de los barrios al Reinado de la Independencia recibi\u00f3 la banda que las acredita, y present\u00f3 un colorido espect\u00e1culo.<\/p>\n<p>El show se denomin\u00f3 \u00abSe form\u00f3 el bemb\u00e9\u00bb, donde participaron los m\u00e1s reconocidos actores festivos, que a\u00f1o tras a\u00f1o mantienen vivas las tradiciones cartageneras, a pesar que en esta ocasi\u00f3n se vean obligados a presentarse entre el \u00abeh, ave Mar\u00eda\u00bb tradicional del los antioque\u00f1os.<\/p>\n<p>Estas fotograf\u00edas fueron compartidas en la cuenta de Facebook del IPCC:<\/p>\n<p><img loading=\"lazy\" decoding=\"async\" class=\"alignnone size-medium wp-image-47642\" src=\"https:\/\/revistazetta.com\/wp-content\/uploads\/2022\/10\/b2-400x267.jpeg\" alt=\"\" width=\"400\" height=\"267\" srcset=\"https:\/\/revistazetta.com\/wp-content\/uploads\/2022\/10\/b2-400x267.jpeg 400w, https:\/\/revistazetta.com\/wp-content\/uploads\/2022\/10\/b2-1024x682.jpeg 1024w, https:\/\/revistazetta.com\/wp-content\/uploads\/2022\/10\/b2.jpeg 1280w\" sizes=\"auto, (max-width: 400px) 100vw, 400px\" \/> <img loading=\"lazy\" decoding=\"async\" class=\"alignnone size-medium wp-image-47643\" src=\"https:\/\/revistazetta.com\/wp-content\/uploads\/2022\/10\/b3-400x267.jpeg\" alt=\"\" width=\"400\" height=\"267\" srcset=\"https:\/\/revistazetta.com\/wp-content\/uploads\/2022\/10\/b3-400x267.jpeg 400w, https:\/\/revistazetta.com\/wp-content\/uploads\/2022\/10\/b3-1024x682.jpeg 1024w, https:\/\/revistazetta.com\/wp-content\/uploads\/2022\/10\/b3.jpeg 1280w\" sizes=\"auto, (max-width: 400px) 100vw, 400px\" \/> <img loading=\"lazy\" decoding=\"async\" class=\"alignnone size-medium wp-image-47644\" src=\"https:\/\/revistazetta.com\/wp-content\/uploads\/2022\/10\/b4-400x266.jpeg\" alt=\"\" width=\"400\" height=\"266\" srcset=\"https:\/\/revistazetta.com\/wp-content\/uploads\/2022\/10\/b4-400x266.jpeg 400w, https:\/\/revistazetta.com\/wp-content\/uploads\/2022\/10\/b4-1024x682.jpeg 1024w, https:\/\/revistazetta.com\/wp-content\/uploads\/2022\/10\/b4.jpeg 1280w\" sizes=\"auto, (max-width: 400px) 100vw, 400px\" \/> <img loading=\"lazy\" decoding=\"async\" class=\"alignnone size-medium wp-image-47645\" src=\"https:\/\/revistazetta.com\/wp-content\/uploads\/2022\/10\/b5-400x266.jpeg\" alt=\"\" width=\"400\" height=\"266\" srcset=\"https:\/\/revistazetta.com\/wp-content\/uploads\/2022\/10\/b5-400x266.jpeg 400w, https:\/\/revistazetta.com\/wp-content\/uploads\/2022\/10\/b5-1024x682.jpeg 1024w, https:\/\/revistazetta.com\/wp-content\/uploads\/2022\/10\/b5.jpeg 1280w\" sizes=\"auto, (max-width: 400px) 100vw, 400px\" \/> <img loading=\"lazy\" decoding=\"async\" class=\"alignnone size-medium wp-image-47646\" src=\"https:\/\/revistazetta.com\/wp-content\/uploads\/2022\/10\/b6-400x267.jpeg\" alt=\"\" width=\"400\" height=\"267\" srcset=\"https:\/\/revistazetta.com\/wp-content\/uploads\/2022\/10\/b6-400x267.jpeg 400w, https:\/\/revistazetta.com\/wp-content\/uploads\/2022\/10\/b6-1024x682.jpeg 1024w, https:\/\/revistazetta.com\/wp-content\/uploads\/2022\/10\/b6.jpeg 1280w\" sizes=\"auto, (max-width: 400px) 100vw, 400px\" \/> \u00a0<img loading=\"lazy\" decoding=\"async\" class=\"alignnone size-medium wp-image-47648\" src=\"https:\/\/revistazetta.com\/wp-content\/uploads\/2022\/10\/b8-400x267.jpeg\" alt=\"\" width=\"400\" height=\"267\" srcset=\"https:\/\/revistazetta.com\/wp-content\/uploads\/2022\/10\/b8-400x267.jpeg 400w, https:\/\/revistazetta.com\/wp-content\/uploads\/2022\/10\/b8-1024x683.jpeg 1024w, https:\/\/revistazetta.com\/wp-content\/uploads\/2022\/10\/b8-1536x1024.jpeg 1536w, https:\/\/revistazetta.com\/wp-content\/uploads\/2022\/10\/b8.jpeg 1551w\" sizes=\"auto, (max-width: 400px) 100vw, 400px\" \/> <img loading=\"lazy\" decoding=\"async\" class=\"alignnone size-medium wp-image-47649\" src=\"https:\/\/revistazetta.com\/wp-content\/uploads\/2022\/10\/b9-400x267.jpeg\" alt=\"\" width=\"400\" height=\"267\" srcset=\"https:\/\/revistazetta.com\/wp-content\/uploads\/2022\/10\/b9-400x267.jpeg 400w, https:\/\/revistazetta.com\/wp-content\/uploads\/2022\/10\/b9-1024x683.jpeg 1024w, https:\/\/revistazetta.com\/wp-content\/uploads\/2022\/10\/b9.jpeg 1516w\" sizes=\"auto, (max-width: 400px) 100vw, 400px\" \/> <img loading=\"lazy\" decoding=\"async\" class=\"alignnone size-medium wp-image-47650\" src=\"https:\/\/revistazetta.com\/wp-content\/uploads\/2022\/10\/b10-400x267.jpeg\" alt=\"\" width=\"400\" height=\"267\" srcset=\"https:\/\/revistazetta.com\/wp-content\/uploads\/2022\/10\/b10-400x267.jpeg 400w, https:\/\/revistazetta.com\/wp-content\/uploads\/2022\/10\/b10-1024x683.jpeg 1024w, https:\/\/revistazetta.com\/wp-content\/uploads\/2022\/10\/b10.jpeg 1372w\" sizes=\"auto, (max-width: 400px) 100vw, 400px\" \/> <img loading=\"lazy\" decoding=\"async\" class=\"alignnone size-medium wp-image-47651\" src=\"https:\/\/revistazetta.com\/wp-content\/uploads\/2022\/10\/b11-400x266.jpeg\" alt=\"\" width=\"400\" height=\"266\" srcset=\"https:\/\/revistazetta.com\/wp-content\/uploads\/2022\/10\/b11-400x266.jpeg 400w, https:\/\/revistazetta.com\/wp-content\/uploads\/2022\/10\/b11-1024x682.jpeg 1024w, https:\/\/revistazetta.com\/wp-content\/uploads\/2022\/10\/b11.jpeg 1280w\" sizes=\"auto, (max-width: 400px) 100vw, 400px\" \/> <img loading=\"lazy\" decoding=\"async\" class=\"alignnone size-medium wp-image-47652\" src=\"https:\/\/revistazetta.com\/wp-content\/uploads\/2022\/10\/b12-400x267.jpeg\" alt=\"\" width=\"400\" height=\"267\" srcset=\"https:\/\/revistazetta.com\/wp-content\/uploads\/2022\/10\/b12-400x267.jpeg 400w, https:\/\/revistazetta.com\/wp-content\/uploads\/2022\/10\/b12-1024x682.jpeg 1024w, https:\/\/revistazetta.com\/wp-content\/uploads\/2022\/10\/b12.jpeg 1280w\" sizes=\"auto, (max-width: 400px) 100vw, 400px\" \/><\/p>\n","protected":false},"excerpt":{"rendered":"<p>Cartagena de Indias, 2022.- 8 de octubre de 2022.- Como una monumental contradicci\u00f3n, las Fiestas de Independencia de Cartagena de Indias se tienen que desarrollar \u00abbajo el yugo contractual\u00bb de la colonizaci\u00f3n antioque\u00f1a, que ejecutar\u00e1 un contrato de $2014 millones para ejecutar 16 eventos festivos. El desprestigiado alcalde William Dau y el director del IPCC, \u00d3scar Uriza, no encontraron (o no buscaron) a nadie en Cartagena de Indias con la capacidad contractual para adelantar las Fiestas de Independencia, sino que \u00aba dedo\u00bb contrataron a Plaza Mayor Medell\u00edn Convenciones y Exposiciones&#8230; <\/p>\n","protected":false},"author":3,"featured_media":47654,"comment_status":"closed","ping_status":"closed","sticky":false,"template":"","format":"standard","meta":{"footnotes":"","_links_to":"","_links_to_target":""},"categories":[41,75],"tags":[290,1148,1260,285,1258,566,935,1259],"class_list":["post-47640","post","type-post","status-publish","format-standard","has-post-thumbnail","hentry","category-cultura","category-destacada","tag-cultura","tag-desgobierno","tag-desprestigio","tag-destacada","tag-fiestas-de-independencia","tag-ipcc","tag-malandrin","tag-william-_dau"],"_links":{"self":[{"href":"https:\/\/revistazetta.com\/index.php?rest_route=\/wp\/v2\/posts\/47640","targetHints":{"allow":["GET"]}}],"collection":[{"href":"https:\/\/revistazetta.com\/index.php?rest_route=\/wp\/v2\/posts"}],"about":[{"href":"https:\/\/revistazetta.com\/index.php?rest_route=\/wp\/v2\/types\/post"}],"author":[{"embeddable":true,"href":"https:\/\/revistazetta.com\/index.php?rest_route=\/wp\/v2\/users\/3"}],"replies":[{"embeddable":true,"href":"https:\/\/revistazetta.com\/index.php?rest_route=%2Fwp%2Fv2%2Fcomments&post=47640"}],"version-history":[{"count":0,"href":"https:\/\/revistazetta.com\/index.php?rest_route=\/wp\/v2\/posts\/47640\/revisions"}],"wp:featuredmedia":[{"embeddable":true,"href":"https:\/\/revistazetta.com\/index.php?rest_route=\/wp\/v2\/media\/47654"}],"wp:attachment":[{"href":"https:\/\/revistazetta.com\/index.php?rest_route=%2Fwp%2Fv2%2Fmedia&parent=47640"}],"wp:term":[{"taxonomy":"category","embeddable":true,"href":"https:\/\/revistazetta.com\/index.php?rest_route=%2Fwp%2Fv2%2Fcategories&post=47640"},{"taxonomy":"post_tag","embeddable":true,"href":"https:\/\/revistazetta.com\/index.php?rest_route=%2Fwp%2Fv2%2Ftags&post=47640"}],"curies":[{"name":"wp","href":"https:\/\/api.w.org\/{rel}","templated":true}]}}