{"id":47805,"date":"2022-10-18T18:41:26","date_gmt":"2022-10-18T23:41:26","guid":{"rendered":"https:\/\/revistazetta.com\/?p=47805"},"modified":"2022-10-18T18:41:26","modified_gmt":"2022-10-18T23:41:26","slug":"con-dau-los-proyectos-estrategicos-de-cartagena-tienen-0-de-avance","status":"publish","type":"post","link":"https:\/\/revistazetta.com\/?p=47805","title":{"rendered":"Con Dau, los proyectos estrat\u00e9gicos de Cartagena tienen 0% de avance"},"content":{"rendered":"<p>Cartagena de Indias, 18 de octubre de 2022.- La postraci\u00f3n administrativa generada por el desgobierno tambi\u00e9n se reflej\u00f3 en los proyectos estrat\u00e9gicos de ciudad, que tienen un imperdonable avance de 0% (\u00a1CERO!), seg\u00fan revel\u00f3 el representante a la C\u00e1mara por Bol\u00edvar, Fernando Ni\u00f1o Mendoza.<\/p>\n<p>El dirigente del partido Conservador, quien fue concejal de Cartagena, public\u00f3 un trino en su cuenta de Twitter donde expresa: \u00abLa administraci\u00f3n de William Dau tiene 0% de avance en los proyectos estrat\u00e9gicos establecidos en el plan de desarrollo \u201cSalvemos Juntos a Cartagena 2020-2023\u201d \u00bfQu\u00e9 costo pagaremos para recuperar el tiempo perdido? Aqu\u00ed un an\u00e1lisis\u00bb.<\/p>\n<p><img loading=\"lazy\" decoding=\"async\" class=\"alignnone wp-image-47807 size-full\" src=\"https:\/\/revistazetta.com\/wp-content\/uploads\/2022\/10\/WhatsApp-Image-2022-10-18-at-4.52.01-PM.jpeg\" alt=\"\" width=\"768\" height=\"576\" srcset=\"https:\/\/revistazetta.com\/wp-content\/uploads\/2022\/10\/WhatsApp-Image-2022-10-18-at-4.52.01-PM.jpeg 768w, https:\/\/revistazetta.com\/wp-content\/uploads\/2022\/10\/WhatsApp-Image-2022-10-18-at-4.52.01-PM-400x300.jpeg 400w\" sizes=\"auto, (max-width: 768px) 100vw, 768px\" \/><\/p>\n<p><img loading=\"lazy\" decoding=\"async\" class=\"alignnone wp-image-47806 size-full\" src=\"https:\/\/revistazetta.com\/wp-content\/uploads\/2022\/10\/WhatsApp-Image-2022-10-18-at-4.52.01-PM-1.jpeg\" alt=\"\" width=\"769\" height=\"577\" srcset=\"https:\/\/revistazetta.com\/wp-content\/uploads\/2022\/10\/WhatsApp-Image-2022-10-18-at-4.52.01-PM-1.jpeg 769w, https:\/\/revistazetta.com\/wp-content\/uploads\/2022\/10\/WhatsApp-Image-2022-10-18-at-4.52.01-PM-1-400x300.jpeg 400w\" sizes=\"auto, (max-width: 769px) 100vw, 769px\" \/><\/p>\n<p>&nbsp;<\/p>\n<p>&nbsp;<\/p>\n","protected":false},"excerpt":{"rendered":"<p>Cartagena de Indias, 18 de octubre de 2022.- La postraci\u00f3n administrativa generada por el desgobierno tambi\u00e9n se reflej\u00f3 en los proyectos estrat\u00e9gicos de ciudad, que tienen un imperdonable avance de 0% (\u00a1CERO!), seg\u00fan revel\u00f3 el representante a la C\u00e1mara por Bol\u00edvar, Fernando Ni\u00f1o Mendoza. El dirigente del partido Conservador, quien fue concejal de Cartagena, public\u00f3 un trino en su cuenta de Twitter donde expresa: \u00abLa administraci\u00f3n de William Dau tiene 0% de avance en los proyectos estrat\u00e9gicos establecidos en el plan de desarrollo \u201cSalvemos Juntos a Cartagena 2020-2023\u201d \u00bfQu\u00e9 costo&#8230; <\/p>\n","protected":false},"author":3,"featured_media":47808,"comment_status":"closed","ping_status":"closed","sticky":false,"template":"","format":"standard","meta":{"footnotes":"","_links_to":"","_links_to_target":""},"categories":[336,75,4],"tags":[338,285,298],"class_list":["post-47805","post","type-post","status-publish","format-standard","has-post-thumbnail","hentry","category-camara-de-representantes","category-destacada","category-politica","tag-camara-de-representantes","tag-destacada","tag-politica"],"_links":{"self":[{"href":"https:\/\/revistazetta.com\/index.php?rest_route=\/wp\/v2\/posts\/47805","targetHints":{"allow":["GET"]}}],"collection":[{"href":"https:\/\/revistazetta.com\/index.php?rest_route=\/wp\/v2\/posts"}],"about":[{"href":"https:\/\/revistazetta.com\/index.php?rest_route=\/wp\/v2\/types\/post"}],"author":[{"embeddable":true,"href":"https:\/\/revistazetta.com\/index.php?rest_route=\/wp\/v2\/users\/3"}],"replies":[{"embeddable":true,"href":"https:\/\/revistazetta.com\/index.php?rest_route=%2Fwp%2Fv2%2Fcomments&post=47805"}],"version-history":[{"count":0,"href":"https:\/\/revistazetta.com\/index.php?rest_route=\/wp\/v2\/posts\/47805\/revisions"}],"wp:featuredmedia":[{"embeddable":true,"href":"https:\/\/revistazetta.com\/index.php?rest_route=\/wp\/v2\/media\/47808"}],"wp:attachment":[{"href":"https:\/\/revistazetta.com\/index.php?rest_route=%2Fwp%2Fv2%2Fmedia&parent=47805"}],"wp:term":[{"taxonomy":"category","embeddable":true,"href":"https:\/\/revistazetta.com\/index.php?rest_route=%2Fwp%2Fv2%2Fcategories&post=47805"},{"taxonomy":"post_tag","embeddable":true,"href":"https:\/\/revistazetta.com\/index.php?rest_route=%2Fwp%2Fv2%2Ftags&post=47805"}],"curies":[{"name":"wp","href":"https:\/\/api.w.org\/{rel}","templated":true}]}}