{"id":47999,"date":"2022-11-02T16:30:01","date_gmt":"2022-11-02T21:30:01","guid":{"rendered":"https:\/\/revistazetta.com\/?p=47999"},"modified":"2022-11-02T16:56:23","modified_gmt":"2022-11-02T21:56:23","slug":"en-la-democracia-cabemos-todos-categorico-discurso-de-cesar-rincon-ante-el-congreso-al-rechazar-proyecto-de-prohibicion","status":"publish","type":"post","link":"https:\/\/revistazetta.com\/?p=47999","title":{"rendered":"\u00abEn la democracia cabemos todos\u00bb: categ\u00f3rico discurso de C\u00e9sar Rinc\u00f3n ante el Congreso al rechazar proyecto de prohibici\u00f3n"},"content":{"rendered":"<p><strong>Bogot\u00e1, 2 de noviembre de 2022.-<\/strong> Un categ\u00f3rico discurso de defensa de la tauromaquia y sus valores \u00e9ticos, culturales e hist\u00f3ricos pronunci\u00f3 ante la C\u00e1mara de Representantes el legendario matador de toros colombiano C\u00e9sar Rinc\u00f3n.<\/p>\n<p>El m\u00e1s grande de los toreros nacionales acudi\u00f3 a la plenaria para ofrecer su punto de vista y testimonio sobre la importancia de las libertades y la cultura, y el imperativo respeto a una comunidad que protege la naturaleza, cr\u00eda una especie \u00fanica y genera una especial din\u00e1mica econ\u00f3mica y laboral.<\/p>\n<p>\u00abEn esta democracia cabemos todos, por favor ay\u00fadenos a dejar de ser v\u00edctimas, estoy seguro que con el di\u00e1logo podemos hacer que nuestra actividad contin\u00fae y que no se proh\u00edba\u00bb, puntualiz\u00f3.<\/p>\n<p>C\u00e9sar Rinc\u00f3n record\u00f3 que naci\u00f3 en uno de los barios m\u00e1s pobres de Bogot\u00e1, y que gracias a la tauromaquia pudo surgir y levantar a su familia. \u00abLas plazas de toros fueron mi colegio, mi universidad, donde aprend\u00ed valores \u00e9ticos y morales\u00bb, dijo.<\/p>\n<p>Evoc\u00f3 con emoci\u00f3n las cuatro tardes que sali\u00f3 por la puerta grande de la plaza de Las Ventas de Madrid, y en tono pedag\u00f3gico hizo un s\u00edmil como si la Selecci\u00f3n Colombia hubiera ganado cuatro mundiales de f\u00fatbol consecutivos, o Egan Bernal ganara cuatro veces seguidas el Tour de Francia o el Giro de Italia.<\/p>\n<p>\u00abEl Presidente de la Rep\u00fablica me confiri\u00f3 la m\u00e1s alta distinci\u00f3n del Estado para un colombiano, la Orden de Boyac\u00e1\u00b4\u00bb, se\u00f1al\u00f3 al recordar que fue considerado un \u00eddolo, pero comparti\u00f3 sus tristeza cuando desde el animalismo se le trata de \u00abasesino\u00bb.<\/p>\n<p>Dijo que la doble moral de los animalistas pone en peligro a una raza \u00fanica, el toro de lidia, y que son los taurinos quienes han venido protegiendo su entorno de aguas y vegetaci\u00f3n, para que el rey de la fiesta brava siga viviendo.<\/p>\n<p><iframe loading=\"lazy\" title=\"YouTube video player\" src=\"https:\/\/www.youtube.com\/embed\/7WwRglXqebk\" width=\"560\" height=\"315\" frameborder=\"0\" allowfullscreen=\"allowfullscreen\"><\/iframe><\/p>\n<p>&nbsp;<\/p>\n","protected":false},"excerpt":{"rendered":"<p>Bogot\u00e1, 2 de noviembre de 2022.- Un categ\u00f3rico discurso de defensa de la tauromaquia y sus valores \u00e9ticos, culturales e hist\u00f3ricos pronunci\u00f3 ante la C\u00e1mara de Representantes el legendario matador de toros colombiano C\u00e9sar Rinc\u00f3n. El m\u00e1s grande de los toreros nacionales acudi\u00f3 a la plenaria para ofrecer su punto de vista y testimonio sobre la importancia de las libertades y la cultura, y el imperativo respeto a una comunidad que protege la naturaleza, cr\u00eda una especie \u00fanica y genera una especial din\u00e1mica econ\u00f3mica y laboral. \u00abEn esta democracia cabemos&#8230; <\/p>\n","protected":false},"author":3,"featured_media":48000,"comment_status":"closed","ping_status":"closed","sticky":false,"template":"","format":"standard","meta":{"footnotes":"","_links_to":"","_links_to_target":""},"categories":[41,75,42],"tags":[1318,290,285,708,211],"class_list":["post-47999","post","type-post","status-publish","format-standard","has-post-thumbnail","hentry","category-cultura","category-destacada","category-cultura-toros","tag-cesar-rincon","tag-cultura","tag-destacada","tag-libertad","tag-toros"],"_links":{"self":[{"href":"https:\/\/revistazetta.com\/index.php?rest_route=\/wp\/v2\/posts\/47999","targetHints":{"allow":["GET"]}}],"collection":[{"href":"https:\/\/revistazetta.com\/index.php?rest_route=\/wp\/v2\/posts"}],"about":[{"href":"https:\/\/revistazetta.com\/index.php?rest_route=\/wp\/v2\/types\/post"}],"author":[{"embeddable":true,"href":"https:\/\/revistazetta.com\/index.php?rest_route=\/wp\/v2\/users\/3"}],"replies":[{"embeddable":true,"href":"https:\/\/revistazetta.com\/index.php?rest_route=%2Fwp%2Fv2%2Fcomments&post=47999"}],"version-history":[{"count":0,"href":"https:\/\/revistazetta.com\/index.php?rest_route=\/wp\/v2\/posts\/47999\/revisions"}],"wp:featuredmedia":[{"embeddable":true,"href":"https:\/\/revistazetta.com\/index.php?rest_route=\/wp\/v2\/media\/48000"}],"wp:attachment":[{"href":"https:\/\/revistazetta.com\/index.php?rest_route=%2Fwp%2Fv2%2Fmedia&parent=47999"}],"wp:term":[{"taxonomy":"category","embeddable":true,"href":"https:\/\/revistazetta.com\/index.php?rest_route=%2Fwp%2Fv2%2Fcategories&post=47999"},{"taxonomy":"post_tag","embeddable":true,"href":"https:\/\/revistazetta.com\/index.php?rest_route=%2Fwp%2Fv2%2Ftags&post=47999"}],"curies":[{"name":"wp","href":"https:\/\/api.w.org\/{rel}","templated":true}]}}