{"id":48014,"date":"2022-11-03T19:13:58","date_gmt":"2022-11-04T00:13:58","guid":{"rendered":"https:\/\/revistazetta.com\/?p=48014"},"modified":"2022-11-04T07:29:44","modified_gmt":"2022-11-04T12:29:44","slug":"que-dolor-s-o-s-cartagena","status":"publish","type":"post","link":"https:\/\/revistazetta.com\/?p=48014","title":{"rendered":"\u00a1Qu\u00e9 dolor! S.O.S. Cartagena"},"content":{"rendered":"<p><strong>Cartagena de Indias, 3 de noviembre de 2022.-<\/strong> Un dolor desbordado e incontenible es el que siente la sociedad cartagenera por la<span class=\"Apple-converted-space\">\u00a0<\/span>muerte del comerciante Jaime Llorente Arcia y su hija Alejandra, tras un ataque sicarial este jueves en el barrio La Providencia.<\/p>\n<p>Con sangre fr\u00eda, el desalmado sicario le dispar\u00f3 al comerciante sin importarle que las balas tambi\u00e9n alcanzaran a sus tres hijas, a las que acababa de recoger en el colegio Biffi.<\/p>\n<p>El atentado fue a eso de las 2:30 p. m., y Jaime muri\u00f3 en el acto, mientras Alejandra alcanz\u00f3 a ser llevada a la cl\u00ednica del Biffi, donde muri\u00f3 en el quir\u00f3fano. Otra de sus hijas tambi\u00e9n result\u00f3 herida.<\/p>\n<p>La sociedad, adolorida, tambi\u00e9n est\u00e1 indignada por la carencia de pol\u00edticas y acciones para frenar la criminalidad por parte del alcalde William Dau.<\/p>\n<p>Al acercarse las festividades novembrinas, son crecientes las voces que piden la cancelaci\u00f3n de los jolgorios populares, pues no hay condiciones de seguridad, m\u00e1xime si se tiene en cuenta que la prioridad del alcalde es el acabado de una carroza para desfilar el d\u00eda del bando.<\/p>\n<p>Este viernes, a las 10 de la ma\u00f1ana, el colegio Biffi ofrecer\u00e1 una eucarist\u00eda por el eterno descanso de su alumna Alejandra Llorente y su padre Jaime Llorente.<\/p>\n","protected":false},"excerpt":{"rendered":"<p>Cartagena de Indias, 3 de noviembre de 2022.- Un dolor desbordado e incontenible es el que siente la sociedad cartagenera por la\u00a0muerte del comerciante Jaime Llorente Arcia y su hija Alejandra, tras un ataque sicarial este jueves en el barrio La Providencia. Con sangre fr\u00eda, el desalmado sicario le dispar\u00f3 al comerciante sin importarle que las balas tambi\u00e9n alcanzaran a sus tres hijas, a las que acababa de recoger en el colegio Biffi. El atentado fue a eso de las 2:30 p. m., y Jaime muri\u00f3 en el acto, mientras&#8230; <\/p>\n","protected":false},"author":3,"featured_media":48015,"comment_status":"closed","ping_status":"closed","sticky":false,"template":"","format":"standard","meta":{"footnotes":"","_links_to":"","_links_to_target":""},"categories":[3,75],"tags":[191,292,1148,285,1251,431],"class_list":["post-48014","post","type-post","status-publish","format-standard","has-post-thumbnail","hentry","category-ciudad","category-destacada","tag-cartagena-de-indias","tag-ciudad","tag-desgobierno","tag-destacada","tag-sicariato","tag-william-dau"],"_links":{"self":[{"href":"https:\/\/revistazetta.com\/index.php?rest_route=\/wp\/v2\/posts\/48014","targetHints":{"allow":["GET"]}}],"collection":[{"href":"https:\/\/revistazetta.com\/index.php?rest_route=\/wp\/v2\/posts"}],"about":[{"href":"https:\/\/revistazetta.com\/index.php?rest_route=\/wp\/v2\/types\/post"}],"author":[{"embeddable":true,"href":"https:\/\/revistazetta.com\/index.php?rest_route=\/wp\/v2\/users\/3"}],"replies":[{"embeddable":true,"href":"https:\/\/revistazetta.com\/index.php?rest_route=%2Fwp%2Fv2%2Fcomments&post=48014"}],"version-history":[{"count":0,"href":"https:\/\/revistazetta.com\/index.php?rest_route=\/wp\/v2\/posts\/48014\/revisions"}],"wp:featuredmedia":[{"embeddable":true,"href":"https:\/\/revistazetta.com\/index.php?rest_route=\/wp\/v2\/media\/48015"}],"wp:attachment":[{"href":"https:\/\/revistazetta.com\/index.php?rest_route=%2Fwp%2Fv2%2Fmedia&parent=48014"}],"wp:term":[{"taxonomy":"category","embeddable":true,"href":"https:\/\/revistazetta.com\/index.php?rest_route=%2Fwp%2Fv2%2Fcategories&post=48014"},{"taxonomy":"post_tag","embeddable":true,"href":"https:\/\/revistazetta.com\/index.php?rest_route=%2Fwp%2Fv2%2Ftags&post=48014"}],"curies":[{"name":"wp","href":"https:\/\/api.w.org\/{rel}","templated":true}]}}