{"id":48016,"date":"2022-11-03T20:33:59","date_gmt":"2022-11-04T01:33:59","guid":{"rendered":"https:\/\/revistazetta.com\/?p=48016"},"modified":"2022-11-04T07:46:08","modified_gmt":"2022-11-04T12:46:08","slug":"recuerdan-que-dau-dijo-que-udc-era-nido-de-ratas-procuraduria-lo-llamo-a-juicio-disciplinario","status":"publish","type":"post","link":"https:\/\/revistazetta.com\/?p=48016","title":{"rendered":"\u00bf\u00bfRecuerdan que Dau dijo que UdC era \u00abnido de ratas\u00bb? Procuradur\u00eda lo llam\u00f3 a juicio disciplinario"},"content":{"rendered":"<p style=\"padding-left: 40px;\"><strong><em>Procuradur\u00eda llam\u00f3 a juicio disciplinario al Alcalde Distrital de Cartagena William Jorge Dau Chamat, por presuntos actos de irrespeto contra los directivos de la Universidad de Cartagena<\/em><\/strong><\/p>\n<p><strong>Bogot\u00e1, 4 de noviembre de 2022 (@PGN_COL).-<\/strong> La Procuradur\u00eda General de la Naci\u00f3n cit\u00f3 a audiencia p\u00fablica al Alcalde Distrital de Cartagena, William Jorge Dau Chamat, para el pr\u00f3ximo 16 de noviembre a las 9:00 a.m., a fin de continuar con el juicio verbal que se le adelanta por presunto incumplimiento del deber de tratar con respeto a los directivos de la Universidad de Cartagena.<\/p>\n<p>Al parecer, el mandatario el 31 de julio de 2020 a trav\u00e9s de medios de comunicaci\u00f3n locales, se refiri\u00f3 a los dirigentes en t\u00e9rminos desobligantes e irrespetuosos, en el marco de la problem\u00e1tica ocasionada por la elecci\u00f3n del Contralor Distrital de esta ciudad.<\/p>\n<p>Conducta con la que posiblemente incumpli\u00f3 el deber del buen trato, imparcialidad y rectitud a los directivos de dicha instituci\u00f3n, y con la cual pudo afectarles su dignidad humana e integridad.<\/p>\n<p>&nbsp;<\/p>\n<p><strong>Rutinaria retractaci\u00f3n<\/strong><\/p>\n<p>Ver:\u00a0<a href=\"https:\/\/revistazetta.com\/?p=37892\">https:\/\/revistazetta.com\/?p=37892<\/a><\/p>\n<p><strong>Cartagena de Indias, 22 de octubre de 2020.-<\/strong> Para no faltar a la costumbre de andar retract\u00e1ndose, el alcalde William Dau por fin ofreci\u00f3 excusas a la Universidad de Cartagena por haberla se\u00f1alado de ser \u00abun nido de ratas\u00bb, y acatar la decisi\u00f3n de un juez que le orden\u00f3 corregir lo dicho. De no ser por las acciones judiciales, Dau no tendr\u00eda que retractarse ni ofrecer disculpas.<\/p>\n<p><img loading=\"lazy\" decoding=\"async\" class=\"alignnone size-medium wp-image-48019\" src=\"https:\/\/revistazetta.com\/wp-content\/uploads\/2022\/11\/RE-tractor-udec-400x266.jpg\" alt=\"\" width=\"400\" height=\"266\" srcset=\"https:\/\/revistazetta.com\/wp-content\/uploads\/2022\/11\/RE-tractor-udec-400x266.jpg 400w, https:\/\/revistazetta.com\/wp-content\/uploads\/2022\/11\/RE-tractor-udec.jpg 1000w\" sizes=\"auto, (max-width: 400px) 100vw, 400px\" \/><\/p>\n","protected":false},"excerpt":{"rendered":"<p>Procuradur\u00eda llam\u00f3 a juicio disciplinario al Alcalde Distrital de Cartagena William Jorge Dau Chamat, por presuntos actos de irrespeto contra los directivos de la Universidad de Cartagena Bogot\u00e1, 4 de noviembre de 2022 (@PGN_COL).- La Procuradur\u00eda General de la Naci\u00f3n cit\u00f3 a audiencia p\u00fablica al Alcalde Distrital de Cartagena, William Jorge Dau Chamat, para el pr\u00f3ximo 16 de noviembre a las 9:00 a.m., a fin de continuar con el juicio verbal que se le adelanta por presunto incumplimiento del deber de tratar con respeto a los directivos de la Universidad&#8230; <\/p>\n","protected":false},"author":3,"featured_media":48017,"comment_status":"closed","ping_status":"closed","sticky":false,"template":"","format":"standard","meta":{"footnotes":"","_links_to":"","_links_to_target":""},"categories":[4],"tags":[191,628,1320,1321,298,252,231,431],"class_list":["post-48016","post","type-post","status-publish","format-standard","has-post-thumbnail","hentry","category-politica","tag-cartagena-de-indias","tag-corrupcion","tag-juicio-verbal","tag-nido-de-ratas","tag-politica","tag-procuraduria","tag-udc","tag-william-dau"],"_links":{"self":[{"href":"https:\/\/revistazetta.com\/index.php?rest_route=\/wp\/v2\/posts\/48016","targetHints":{"allow":["GET"]}}],"collection":[{"href":"https:\/\/revistazetta.com\/index.php?rest_route=\/wp\/v2\/posts"}],"about":[{"href":"https:\/\/revistazetta.com\/index.php?rest_route=\/wp\/v2\/types\/post"}],"author":[{"embeddable":true,"href":"https:\/\/revistazetta.com\/index.php?rest_route=\/wp\/v2\/users\/3"}],"replies":[{"embeddable":true,"href":"https:\/\/revistazetta.com\/index.php?rest_route=%2Fwp%2Fv2%2Fcomments&post=48016"}],"version-history":[{"count":0,"href":"https:\/\/revistazetta.com\/index.php?rest_route=\/wp\/v2\/posts\/48016\/revisions"}],"wp:featuredmedia":[{"embeddable":true,"href":"https:\/\/revistazetta.com\/index.php?rest_route=\/wp\/v2\/media\/48017"}],"wp:attachment":[{"href":"https:\/\/revistazetta.com\/index.php?rest_route=%2Fwp%2Fv2%2Fmedia&parent=48016"}],"wp:term":[{"taxonomy":"category","embeddable":true,"href":"https:\/\/revistazetta.com\/index.php?rest_route=%2Fwp%2Fv2%2Fcategories&post=48016"},{"taxonomy":"post_tag","embeddable":true,"href":"https:\/\/revistazetta.com\/index.php?rest_route=%2Fwp%2Fv2%2Ftags&post=48016"}],"curies":[{"name":"wp","href":"https:\/\/api.w.org\/{rel}","templated":true}]}}