{"id":48020,"date":"2022-11-04T09:36:14","date_gmt":"2022-11-04T14:36:14","guid":{"rendered":"https:\/\/revistazetta.com\/?p=48020"},"modified":"2022-11-04T09:36:14","modified_gmt":"2022-11-04T14:36:14","slug":"los-recursos-que-faltan-a-la-proteccion-costera-como-conseguirlos-opinion-de-pedrito-pereira","status":"publish","type":"post","link":"https:\/\/revistazetta.com\/?p=48020","title":{"rendered":"Los recursos que faltan a la protecci\u00f3n costera \u00bfc\u00f3mo conseguirlos? &#8211; Opini\u00f3n de Pedrito Pereira"},"content":{"rendered":"<p><strong>Por Pedrito Pereira Caballero (Especial para Revista Zetta).- Cartagena de Indias, 4 de noviembre de 2022.-<\/strong> Las obras de protecci\u00f3n costera est\u00e1n de moda y no precisamente por lo positivo de las mismas, sino porque hacen falta recursos (m\u00e1s de $20 mil millones) para la culminaci\u00f3n de la primera fase, LO CUAL INCLUYE simult\u00e1neamente con deuda con la interventor\u00eda, situaci\u00f3n que obliga a paralizar las obras.<\/p>\n<p>Esto ha generado una preocupaci\u00f3n en muchos sectores. Ante el pronunciamiento oportuno que hizo el Consejo Gremial y algunos art\u00edculos de opini\u00f3n por parte de representantes de la JAC de Bocagrande, he decido escribir estas l\u00edneas para recordar c\u00f3mo se consiguieron los recursos de este proyecto por un valor aproximado a los $182 mil millones.<\/p>\n<p>Tuve la oportunidad de participar como congresista y como alcalde para conseguirlos.\u00a0Por eso preciso recordar c\u00f3mo, despu\u00e9s de todo el tr\u00e1mite durante el \u00faltimo periodo que estuve en el Congreso de la Rep\u00fablica en la C\u00e1mara de Representantes, desde el 2014 al 2018, siendo este el segundo periodo del presidente Juan Manuel Santos, nos dimos a la tarea de estructurar y consensuar lo que hoy se llama la Ley del Sitio o Ley 1784 del 2016, cuyo contenido se ha divulgado en otras columnas.<\/p>\n<p>Recuerdo que siendo alcalde Manolo Duque, se hizo un evento en el Castillo San Felipe de Barajas donde se sancion\u00f3 y se firm\u00f3 la mencionada ley por parte del se\u00f1or presidente.<\/p>\n<p>Seguidamente como congresista, me dediqu\u00e9 a que la Ley del Sitio se pudiera materializar y, con base al derecho de petici\u00f3n parlamentario, solicitamos recursos para que se realizaran los proyectos del Plan Maestro de Drenajes Pluviales y la Protecci\u00f3n Costera en la ciudad de Cartagena. En ese momento, por instrucciones del ministro de Hacienda, Mauricio C\u00e1rdenas, el viceministro t\u00e9cnico de Hacienda, Andr\u00e9s Escobar Arango, nos respondi\u00f3 que se tramitaba una modificaci\u00f3n al presupuesto nacional, meses despu\u00e9s de que se hab\u00eda promulgado la Ley del Sitio.<\/p>\n<p>As\u00ed mismo, dentro del proyecto de Ley No 247 de 2017 en la C\u00e1mara y No 223 en el Senado, donde se hac\u00eda una modificaci\u00f3n al Presupuesto General de la Naci\u00f3n para la vigencia fiscal del 2017, se indic\u00f3 que ah\u00ed estaban previstos los recursos para desarrollar el proyecto de protecci\u00f3n costera en la ciudad de Cartagena y que, adem\u00e1s, ser\u00edan complementados con la autorizaci\u00f3n de vigencias futuras.<\/p>\n<p>Hecho este tr\u00e1mite parlamentario, y realizando el control pol\u00edtico que nos correspond\u00eda, se aprovech\u00f3 una reuni\u00f3n en la Casa de Hu\u00e9spedes aqu\u00ed en Cartagena, para conocer la informaci\u00f3n por parte del se\u00f1or presidente, quien anunci\u00f3 que en virtud de la Ley del Sitio se otorgaban los primeros 100 mil millones de pesos para el proyecto de la obra de Protecci\u00f3n Costera. Como parlamentario, tuve la satisfacci\u00f3n de haber tramitado estos recursos. Creo con esto haber mostrado a trav\u00e9s de esta experiencia, lo importante que resulta para la ciudad y la regi\u00f3n, la gesti\u00f3n parlamentaria de los partidos de gobierno, logrando no s\u00f3lo captar su atenci\u00f3n, sino que una vez se tengan los proyectos estructurados como en este caso, se aprovechen las reformas tributarias, modificaciones del presupuesto y asignaciones de regal\u00edas, de tal forma que se pueden incluir partidas para proyectos como se hizo en el 2017.<br \/>\nPosteriormente, la vida nos dio la oportunidad de asumir la Alcald\u00eda de Cartagena en octubre de 2018, y encontramos que todav\u00eda el proyecto ten\u00eda inconvenientes para su contrataci\u00f3n, y entonces nos dimos a la tarea, con el apoyo del presidente Ivan Duque, que lo consignado en las normas expresadas anteriormente siguieran incluidas en las vigencias futuras de la Naci\u00f3n. Finalmente, fueron garantizadas y los recursos comprometidos por el expresidente Juan Manuel Santos se respetaron, pero exigieron la contraprestaci\u00f3n del Distrito con el aporte de una parte de los recursos. Ante esta situaci\u00f3n, nos dedicamos, con el apoyo de los gremios y de la Universidad de Cartagena, en el aspecto t\u00e9cnico, a subsanar esta realidad. Es decir, me correspondi\u00f3 como alcalde culminar lo que hab\u00eda empezado como congresista. De esa manera, tramitamos un cr\u00e9dito bancario y en enero de 2019, entregamos a la Unidad Nacional Para la Gesti\u00f3n de Riesgo de Desastres (UNGRD) la suma de 60.000 millones de pesos que le correspond\u00edan al Distrito, para que se iniciara \u00a0la etapa contractual. En todo el 2019 se socializ\u00f3 la obra con gremios, l\u00edderes c\u00edvicos, comunales, vendedores y actores de playa, pescadores, sector hotelero y dem\u00e1s afectados con los trabajos. Una vez realizado lo anterior, nos comunicaron que faltaban los recursos para la fase de El Cabrero y nos dimos a la tarea de conseguir los $22.000 millones de las regal\u00edas que le correspond\u00edan al Distrito de Cartagena para aportarlas al proyecto, lo cual finalmente se logr\u00f3. Es decir, fueron $82.000 millones conseguidos durante mi encargo en la Alcald\u00eda de Cartagena.<br \/>\nEn esta situaci\u00f3n de alarma que hoy se enciende, el mensaje que queremos dejar es que nuestra bancada de congresistas, autoridades locales, gremios y el Gobierno Nacional no deben dejar que este proyecto quede inconcluso o tenga graves traumatismos. Se pueden solicitar recursos al Gobierno central aprovechando la Ley del Sitio o alguna modificaci\u00f3n del presupuesto nacional, e igualmente se pueden volver a utilizar los recursos de regal\u00edas. Hasta el momento no tengo informaci\u00f3n real de una sola megaobra que se est\u00e9 desarrollando en estos casi 35 meses de gobierno de William Dau con recursos de regal\u00edas. Hay muchas alternativas para que el proyecto no quede inconcluso y no tenga m\u00e1s tropiezos. He le\u00eddo algunas declaraciones en la prensa local de algunos funcionarios del Distrito, quienes manifiestan que ese proyecto es competencia de la UNGRD y la Naci\u00f3n, lo cual no es cierto ya que el mismo fue estructurado por el Distrito y liderado por el Departamento de Valorizaci\u00f3n, a quienes se les olvida que la ejecuci\u00f3n del proyecto se hace con $82 mil millones del presupuesto de la ciudad. En conclusi\u00f3n, se necesita voluntad, decisi\u00f3n, sentido de pertenencia, un m\u00ednimo de conocimientos y uni\u00f3n de todos, porque la protecci\u00f3n costera es de la ciudad y a ella le debe responder.<\/p>\n","protected":false},"excerpt":{"rendered":"<p>Por Pedrito Pereira Caballero (Especial para Revista Zetta).- Cartagena de Indias, 4 de noviembre de 2022.- Las obras de protecci\u00f3n costera est\u00e1n de moda y no precisamente por lo positivo de las mismas, sino porque hacen falta recursos (m\u00e1s de $20 mil millones) para la culminaci\u00f3n de la primera fase, LO CUAL INCLUYE simult\u00e1neamente con deuda con la interventor\u00eda, situaci\u00f3n que obliga a paralizar las obras. Esto ha generado una preocupaci\u00f3n en muchos sectores. Ante el pronunciamiento oportuno que hizo el Consejo Gremial y algunos art\u00edculos de opini\u00f3n por parte&#8230; <\/p>\n","protected":false},"author":3,"featured_media":48021,"comment_status":"closed","ping_status":"closed","sticky":false,"template":"","format":"standard","meta":{"footnotes":"","_links_to":"","_links_to_target":""},"categories":[44,65],"tags":[191,288,289,228,488],"class_list":["post-48020","post","type-post","status-publish","format-standard","has-post-thumbnail","hentry","category-materiagris","category-opinion","tag-cartagena-de-indias","tag-materia-gris","tag-opinion","tag-pedrito-pereira","tag-proteccion-costera"],"_links":{"self":[{"href":"https:\/\/revistazetta.com\/index.php?rest_route=\/wp\/v2\/posts\/48020","targetHints":{"allow":["GET"]}}],"collection":[{"href":"https:\/\/revistazetta.com\/index.php?rest_route=\/wp\/v2\/posts"}],"about":[{"href":"https:\/\/revistazetta.com\/index.php?rest_route=\/wp\/v2\/types\/post"}],"author":[{"embeddable":true,"href":"https:\/\/revistazetta.com\/index.php?rest_route=\/wp\/v2\/users\/3"}],"replies":[{"embeddable":true,"href":"https:\/\/revistazetta.com\/index.php?rest_route=%2Fwp%2Fv2%2Fcomments&post=48020"}],"version-history":[{"count":0,"href":"https:\/\/revistazetta.com\/index.php?rest_route=\/wp\/v2\/posts\/48020\/revisions"}],"wp:featuredmedia":[{"embeddable":true,"href":"https:\/\/revistazetta.com\/index.php?rest_route=\/wp\/v2\/media\/48021"}],"wp:attachment":[{"href":"https:\/\/revistazetta.com\/index.php?rest_route=%2Fwp%2Fv2%2Fmedia&parent=48020"}],"wp:term":[{"taxonomy":"category","embeddable":true,"href":"https:\/\/revistazetta.com\/index.php?rest_route=%2Fwp%2Fv2%2Fcategories&post=48020"},{"taxonomy":"post_tag","embeddable":true,"href":"https:\/\/revistazetta.com\/index.php?rest_route=%2Fwp%2Fv2%2Ftags&post=48020"}],"curies":[{"name":"wp","href":"https:\/\/api.w.org\/{rel}","templated":true}]}}