{"id":48024,"date":"2022-11-05T06:00:55","date_gmt":"2022-11-05T11:00:55","guid":{"rendered":"https:\/\/revistazetta.com\/?p=48024"},"modified":"2022-11-05T06:00:55","modified_gmt":"2022-11-05T11:00:55","slug":"la-prohibicion-de-parrillero-en-moto-es-por-un-mes","status":"publish","type":"post","link":"https:\/\/revistazetta.com\/?p=48024","title":{"rendered":"La prohibici\u00f3n de parrillero en moto es por un mes"},"content":{"rendered":"<p><strong>Cartagena de Indias, 5 de noviembre de 2022.-<\/strong> Durante un mes est\u00e1 prohibido en Cartagena la circulaci\u00f3n de parrilleros en motocicletas, y la medida busca contrarrestar la ola vicarial que dej\u00f3 una ni\u00f1a y su padre muertos el jueves anterior.<\/p>\n<p>El decreto 1542 del 4 de noviembre de 2022 rige hasta el pr\u00f3ximo 5 de diciembre, una decisi\u00f3n que ser\u00e1 complementada por otra: la peatonalizaci\u00f3n del Centro Hist\u00f3rico.<\/p>\n<p>Voceros del mototaxismo, sistema por el que se moviliza un alto porcentaje de pasajeros en Cartagena, estudian la medida.<\/p>\n<p>De igual forma, se eval\u00faan otras decisiones de seguridad para las Fiestas de Independencia del 11 de Noviembre, las cuales ser\u00e1n coordinadas desde un Puesto de Mando Unificado (PMU) Permanente y espacios de respuesta r\u00e1pida para eventos; y las medidas para temporadas festivas como diciembre y enero.<\/p>\n<p>Todo este panorama de medidas se discuti\u00f3 en el Consejo de Seguridad cumplido este viernes en la Alcald\u00eda de Cartagena.<\/p>\n<p>El desprestigiado alcalde debi\u00f3 convocarlo ante la desbordada presi\u00f3n ciudadana para que tome medidas que contengan la ola sicarial en la ciudad.<\/p>\n<p>A las leg\u00edtimas cr\u00edticas por su negligencia e inacci\u00f3n, se sumaron otras por su desconsideraci\u00f3n con la familia de la ni\u00f1a y su padre asesinados, al decir que la visitar\u00eda \u00abcuando pase la lloradera\u00bb.<\/p>\n<p>Este es el decreto:<\/p>\n<p><a href=\"https:\/\/revistazetta.com\/wp-content\/uploads\/2022\/11\/Parrillero.pdf\">Parrillero<\/a><\/p>\n","protected":false},"excerpt":{"rendered":"<p>Cartagena de Indias, 5 de noviembre de 2022.- Durante un mes est\u00e1 prohibido en Cartagena la circulaci\u00f3n de parrilleros en motocicletas, y la medida busca contrarrestar la ola vicarial que dej\u00f3 una ni\u00f1a y su padre muertos el jueves anterior. El decreto 1542 del 4 de noviembre de 2022 rige hasta el pr\u00f3ximo 5 de diciembre, una decisi\u00f3n que ser\u00e1 complementada por otra: la peatonalizaci\u00f3n del Centro Hist\u00f3rico. Voceros del mototaxismo, sistema por el que se moviliza un alto porcentaje de pasajeros en Cartagena, estudian la medida. De igual forma,&#8230; <\/p>\n","protected":false},"author":3,"featured_media":48026,"comment_status":"closed","ping_status":"closed","sticky":false,"template":"","format":"standard","meta":{"footnotes":"","_links_to":"","_links_to_target":""},"categories":[3],"tags":[191,292,1324],"class_list":["post-48024","post","type-post","status-publish","format-standard","has-post-thumbnail","hentry","category-ciudad","tag-cartagena-de-indias","tag-ciudad","tag-parrillero-en-moto"],"_links":{"self":[{"href":"https:\/\/revistazetta.com\/index.php?rest_route=\/wp\/v2\/posts\/48024","targetHints":{"allow":["GET"]}}],"collection":[{"href":"https:\/\/revistazetta.com\/index.php?rest_route=\/wp\/v2\/posts"}],"about":[{"href":"https:\/\/revistazetta.com\/index.php?rest_route=\/wp\/v2\/types\/post"}],"author":[{"embeddable":true,"href":"https:\/\/revistazetta.com\/index.php?rest_route=\/wp\/v2\/users\/3"}],"replies":[{"embeddable":true,"href":"https:\/\/revistazetta.com\/index.php?rest_route=%2Fwp%2Fv2%2Fcomments&post=48024"}],"version-history":[{"count":0,"href":"https:\/\/revistazetta.com\/index.php?rest_route=\/wp\/v2\/posts\/48024\/revisions"}],"wp:featuredmedia":[{"embeddable":true,"href":"https:\/\/revistazetta.com\/index.php?rest_route=\/wp\/v2\/media\/48026"}],"wp:attachment":[{"href":"https:\/\/revistazetta.com\/index.php?rest_route=%2Fwp%2Fv2%2Fmedia&parent=48024"}],"wp:term":[{"taxonomy":"category","embeddable":true,"href":"https:\/\/revistazetta.com\/index.php?rest_route=%2Fwp%2Fv2%2Fcategories&post=48024"},{"taxonomy":"post_tag","embeddable":true,"href":"https:\/\/revistazetta.com\/index.php?rest_route=%2Fwp%2Fv2%2Ftags&post=48024"}],"curies":[{"name":"wp","href":"https:\/\/api.w.org\/{rel}","templated":true}]}}