{"id":48027,"date":"2022-11-05T06:07:39","date_gmt":"2022-11-05T11:07:39","guid":{"rendered":"https:\/\/revistazetta.com\/?p=48027"},"modified":"2022-11-05T06:08:18","modified_gmt":"2022-11-05T11:08:18","slug":"se-vienen-las-fiestas-cierre-de-calzada-en-la-santander-para-instalar-palcos","status":"publish","type":"post","link":"https:\/\/revistazetta.com\/?p=48027","title":{"rendered":"Se vienen las Fiestas: cierre de calzada en la Santander para instalar palcos"},"content":{"rendered":"<p style=\"padding-left: 40px;\"><span style=\"color: #000080;\"><strong><em>Cierre de calzada Avenida Santander, sentido Tenazas \u2013 Bocagrande por instalaci\u00f3n de estructuras para celebraci\u00f3n de la Independencia de Cartagena<\/em><\/strong><\/span><\/p>\n<p><strong>Cartagena de Indias , 5 de noviembre de 2022.-<\/strong> El Departamento Administrativo de Tr\u00e1nsito y Transporte, DATT, informa que desde las 00:00 horas del 5 de noviembre, y hasta el 13 de noviembre, cuando termine el desmonte de las estructuras que se usen para el desfile en conmemoraci\u00f3n de la Independencia de la ciudad, se aplicar\u00e1n cierres y desv\u00edos vehiculares en la Avenida Santander.<\/p>\n<p>El cierre vial se realizar\u00e1 en la calzada sentido Tenazas \u2013 Bocagrande, para permitir la instalaci\u00f3n de la log\u00edstica que ser\u00e1 utilizada para el p\u00fablico asistente a la lectura del Acta de Independencia del 11 de Noviembre.<\/p>\n<p>Se habilitar\u00e1 un doble sentido de circulaci\u00f3n vial en la Avenida Santander, calzada sentido Bocagrande \u2013 Tenazas, mientras dure la restricci\u00f3n vehicular del cierre temporal de la otra calzada.<\/p>\n<p><strong>Desv\u00edos<\/strong><br \/>\nLos veh\u00edculos que circulan en el sentido Crespo \u2013 Centro por la Avenida Santander, y que tradicionalmente giran a la izquierda para tomar la Rafael N\u00fa\u00f1ez hacia la India Catalina, pueden girar en el sem\u00e1foro de la calle 47 (Marbella), por el Cabrero, o desde la intersecci\u00f3n con la calle 44, tomando la segunda de El Cabrero, y continuar por la Avenida Rafael N\u00fa\u00f1ez hacia su destino.<\/p>\n<p>El Plan de Manejo de Tr\u00e1nsito ser\u00e1 implementado hasta la finalizaci\u00f3n del desmonte de la estructura de los palcos.<br \/>\nSe invita a los conductores a tener precauci\u00f3n a la hora del desplazamiento por esa v\u00eda, y a reducir la velocidad.<\/p>\n<p><img loading=\"lazy\" decoding=\"async\" class=\"alignnone wp-image-48029 size-large\" src=\"https:\/\/revistazetta.com\/wp-content\/uploads\/2022\/11\/WhatsApp-Image-2022-11-04-at-6.54.37-PM-819x1024.jpeg\" alt=\"\" width=\"740\" height=\"925\" srcset=\"https:\/\/revistazetta.com\/wp-content\/uploads\/2022\/11\/WhatsApp-Image-2022-11-04-at-6.54.37-PM-819x1024.jpeg 819w, https:\/\/revistazetta.com\/wp-content\/uploads\/2022\/11\/WhatsApp-Image-2022-11-04-at-6.54.37-PM-320x400.jpeg 320w, https:\/\/revistazetta.com\/wp-content\/uploads\/2022\/11\/WhatsApp-Image-2022-11-04-at-6.54.37-PM.jpeg 1125w\" sizes=\"auto, (max-width: 740px) 100vw, 740px\" \/> <img loading=\"lazy\" decoding=\"async\" class=\"alignnone wp-image-48028 size-large\" src=\"https:\/\/revistazetta.com\/wp-content\/uploads\/2022\/11\/WhatsApp-Image-2022-11-04-at-6.54.36-PM-819x1024.jpeg\" alt=\"\" width=\"740\" height=\"925\" srcset=\"https:\/\/revistazetta.com\/wp-content\/uploads\/2022\/11\/WhatsApp-Image-2022-11-04-at-6.54.36-PM-819x1024.jpeg 819w, https:\/\/revistazetta.com\/wp-content\/uploads\/2022\/11\/WhatsApp-Image-2022-11-04-at-6.54.36-PM-320x400.jpeg 320w, https:\/\/revistazetta.com\/wp-content\/uploads\/2022\/11\/WhatsApp-Image-2022-11-04-at-6.54.36-PM.jpeg 1125w\" sizes=\"auto, (max-width: 740px) 100vw, 740px\" \/><\/p>\n","protected":false},"excerpt":{"rendered":"<p>Cierre de calzada Avenida Santander, sentido Tenazas \u2013 Bocagrande por instalaci\u00f3n de estructuras para celebraci\u00f3n de la Independencia de Cartagena Cartagena de Indias , 5 de noviembre de 2022.- El Departamento Administrativo de Tr\u00e1nsito y Transporte, DATT, informa que desde las 00:00 horas del 5 de noviembre, y hasta el 13 de noviembre, cuando termine el desmonte de las estructuras que se usen para el desfile en conmemoraci\u00f3n de la Independencia de la ciudad, se aplicar\u00e1n cierres y desv\u00edos vehiculares en la Avenida Santander. El cierre vial se realizar\u00e1 en&#8230; <\/p>\n","protected":false},"author":3,"featured_media":48030,"comment_status":"closed","ping_status":"closed","sticky":false,"template":"","format":"standard","meta":{"footnotes":"","_links_to":"","_links_to_target":""},"categories":[32,87],"tags":[296,1323,194],"class_list":["post-48027","post","type-post","status-publish","format-standard","has-post-thumbnail","hentry","category-actualidad-distrito","category-movilidad","tag-distrito","tag-fiestas-novembrinas","tag-movilidad"],"_links":{"self":[{"href":"https:\/\/revistazetta.com\/index.php?rest_route=\/wp\/v2\/posts\/48027","targetHints":{"allow":["GET"]}}],"collection":[{"href":"https:\/\/revistazetta.com\/index.php?rest_route=\/wp\/v2\/posts"}],"about":[{"href":"https:\/\/revistazetta.com\/index.php?rest_route=\/wp\/v2\/types\/post"}],"author":[{"embeddable":true,"href":"https:\/\/revistazetta.com\/index.php?rest_route=\/wp\/v2\/users\/3"}],"replies":[{"embeddable":true,"href":"https:\/\/revistazetta.com\/index.php?rest_route=%2Fwp%2Fv2%2Fcomments&post=48027"}],"version-history":[{"count":0,"href":"https:\/\/revistazetta.com\/index.php?rest_route=\/wp\/v2\/posts\/48027\/revisions"}],"wp:featuredmedia":[{"embeddable":true,"href":"https:\/\/revistazetta.com\/index.php?rest_route=\/wp\/v2\/media\/48030"}],"wp:attachment":[{"href":"https:\/\/revistazetta.com\/index.php?rest_route=%2Fwp%2Fv2%2Fmedia&parent=48027"}],"wp:term":[{"taxonomy":"category","embeddable":true,"href":"https:\/\/revistazetta.com\/index.php?rest_route=%2Fwp%2Fv2%2Fcategories&post=48027"},{"taxonomy":"post_tag","embeddable":true,"href":"https:\/\/revistazetta.com\/index.php?rest_route=%2Fwp%2Fv2%2Ftags&post=48027"}],"curies":[{"name":"wp","href":"https:\/\/api.w.org\/{rel}","templated":true}]}}