{"id":48031,"date":"2022-11-05T06:28:10","date_gmt":"2022-11-05T11:28:10","guid":{"rendered":"https:\/\/revistazetta.com\/?p=48031"},"modified":"2022-11-05T06:35:20","modified_gmt":"2022-11-05T11:35:20","slug":"bancada-bolivarense-pide-reunion-urgente-de-consejo-de-ministros-ampliado","status":"publish","type":"post","link":"https:\/\/revistazetta.com\/?p=48031","title":{"rendered":"Bancada bolivarense pide reuni\u00f3n urgente de Consejo de Ministros ampliado"},"content":{"rendered":"<div class=\"page\" title=\"Page 1\">\n<div class=\"layoutArea\">\n<div class=\"column\">\n<p><strong>Cartagena de Indias, 5 de noviembre de 2022.-<\/strong> El desprestigiado alcalde de Cartagena, William Dau, no ha tenido la capacidad de maniobra para enfrentar la crisis de gobernabilidad y seguridad que tiene sitiada a la ciudad, y luego de tres a\u00f1os de desgobierno su aislamiento es m\u00e1s contraproducente.<\/p>\n<p>Dau ha desde\u00f1ado todo v\u00ednculo con los congresistas de Bol\u00edvar, y son \u00e9stos los que est\u00e1n planteando un instrumento para canalizar esfuerzos del gobierno nacional para proteger a la ciudadan\u00eda cartagenera de la ola sicarial y, a la vez, asegurar inversiones, programas y proyectos.<\/p>\n<p>El representante a la C\u00e1mara por Bol\u00edvar Yamililito Arana lider\u00f3 la posici\u00f3n unida de la bancada bolivarense en Senado y C\u00e1mara para solicitarle al presidente Petro, con car\u00e1cter urgente, una reuni\u00f3n ampliada del Consejo de Ministros <span style=\"color: #000080;\"><em>\u00abcon la participacio\u0301n de los miembros de las bancadas parlamentarias representadas en el Congreso de la Repu\u0301blica, el alto mando militar, las autoridades departamentales y distritales, representantes de gremios y organizaciones comunitarias de la ciudad y la Fiscali\u0301a General de la Nacio\u0301n con el fin de que se adopte un plan de acciones inmediatas y contundentes para conjurar, de una vez por todas, la inseguridad, el hambre y la pobreza extrema que agobia nuestro Distrito\u00bb.<\/em><\/span><\/p>\n<p>Esta es la carta suscrita por congresistas de Bol\u00edvar:<\/p>\n<p><span style=\"color: #000080;\"><em>Bogota\u0301, noviembre de 2022<\/em><\/span><\/p>\n<p><span style=\"color: #000080;\"><em>Doctor<\/em><\/span><\/p>\n<\/div>\n<\/div>\n<div class=\"layoutArea\">\n<div class=\"column\">\n<p><strong><span style=\"color: #000080;\"><em>GUSTAVO PETRO URREGO<\/em><\/span><\/strong><\/p>\n<p><span style=\"color: #000080;\"><em>Presidente de la Repu\u0301blica<\/em><\/span><\/p>\n<p><span style=\"color: #000080;\"><em>Sen\u0303or Presidente:<\/em><\/span><\/p>\n<p><span style=\"color: #000080;\"><em>Conociendo el carin\u0303o que usted profesa por nuestra Cartagena de Indias y, ante la grave situacio\u0301n de inseguridad que la afecta, pues se encuentra sumergida en medio de una guerra entre bandas criminales que a diario cobra vidas de inocentes- como el lamentable hecho que el di\u0301a de ayer causo\u0301 la muerte de una indefensa nin\u0303a de solo diez an\u0303os-; agravada por la crisis humanitaria generada por el hambre sufrida por la gente que habita nuestros barrios y corregimientos, le solicitamos convocar de manera urgente un Consejo de Ministros ampliado en nuestra ciudad.<\/em><\/span><\/p>\n<p><span style=\"color: #000080;\"><em>Asi\u0301, proponemos que en este Consejo ampliado se cuente con la participacio\u0301n de los miembros de las bancadas parlamentarias representadas en el Congreso de la Repu\u0301blica, el alto mando militar, las autoridades departamentales y distritales, representantes de gremios y organizaciones comunitarias de la ciudad y la Fiscali\u0301a General de la Nacio\u0301n con el fin de que se adopte un plan de acciones inmediatas y contundentes para conjurar, de una vez por todas, la inseguridad, el hambre y la pobreza extrema que agobia nuestro distrito.<\/em><\/span><\/p>\n<p><span style=\"color: #000080;\"><em>Estamos seguros de que, de la misma forma en la que su gobierno ha intervenido en la grave situacio\u0301n del Catatumbo, Cartagena merecera\u0301 iguales atenciones de parte de usted, su gabinete y el Congreso de la Repu\u0301blica.<\/em><\/span><\/p>\n<p><span style=\"color: #000080;\"><em>Reitera\u0301ndole nuestros ma\u0301s sinceros sentimientos de respeto y admiracio\u0301n, nos suscribimos.<\/em><\/span><\/p>\n<\/div>\n<\/div>\n<p><span style=\"color: #000080;\"><em>NADIA BLEL SCAFF &#8211;\u00a0Senadora de la Repu\u0301blica<\/em><\/span><\/p>\n<\/div>\n<div class=\"page\" title=\"Page 2\">\n<div class=\"layoutArea\">\n<div class=\"column\">\n<p><span style=\"color: #000080;\"><em>YAMIL HERNANDO ARANA PADAU\u00cd &#8211; Representante a la Ca\u0301mara Departamento de Boli\u0301var<\/em><\/span><\/p>\n<\/div>\n<\/div>\n<div class=\"layoutArea\">\n<div class=\"column\">\n<p><span style=\"color: #000080;\"><em>JULIANA ARAY FRANCO &#8211;\u00a0Representante a la Ca\u0301mara Departamento de Boli\u0301var<\/em><\/span><\/p>\n<p><span style=\"color: #000080;\"><em>JORGE ENRIQUE BENEDETTI MARTELO &#8211;\u00a0Senador de la Repu\u0301blica<\/em><\/span><\/p>\n<pre><span style=\"color: #000080;\"><em>SILVIO CARRASQUILLA TORRES - Representante a la Ca\u0301mara Departamento de Boli\u0301var<\/em><\/span><\/pre>\n<pre><span style=\"color: #000080;\"><em>DORINA HERNA\u0301NDEZ PALOMINO - Representante a la Ca\u0301mara Departamento de Boli\u0301var<\/em><\/span><\/pre>\n<\/div>\n<div class=\"column\">\n<p><span style=\"color: #000080;\"><em>ANDRE\u0301S GUILLERMO MONTES CELEDO\u0301N &#8211;\u00a0Representante a la Ca\u0301mara Departamento de Boli\u0301var<\/em><\/span><\/p>\n<p><span style=\"color: #000080;\"><em>ENRIQUE CABRALES BAQUERO &#8211; Senador de la Repu\u0301blica<\/em><\/span><\/p>\n<p><span style=\"color: #000080;\"><em>FERNANDO DAVID NIN\u0303O MENDOZA &#8211; Representante a la Ca\u0301mara Departamento de Boli\u0301var <\/em><\/span><\/p>\n<p><span style=\"color: #000080;\"><em>LIDIO ARTURO GARCIA TURBAY &#8211;\u00a0Senador de la Repu\u0301blica<\/em><\/span><\/p>\n<\/div>\n<\/div>\n<\/div>\n","protected":false},"excerpt":{"rendered":"<p>Cartagena de Indias, 5 de noviembre de 2022.- El desprestigiado alcalde de Cartagena, William Dau, no ha tenido la capacidad de maniobra para enfrentar la crisis de gobernabilidad y seguridad que tiene sitiada a la ciudad, y luego de tres a\u00f1os de desgobierno su aislamiento es m\u00e1s contraproducente. Dau ha desde\u00f1ado todo v\u00ednculo con los congresistas de Bol\u00edvar, y son \u00e9stos los que est\u00e1n planteando un instrumento para canalizar esfuerzos del gobierno nacional para proteger a la ciudadan\u00eda cartagenera de la ola sicarial y, a la vez, asegurar inversiones, programas&#8230; <\/p>\n","protected":false},"author":3,"featured_media":48033,"comment_status":"closed","ping_status":"closed","sticky":false,"template":"","format":"standard","meta":{"footnotes":"","_links_to":"","_links_to_target":""},"categories":[29,75,4],"tags":[191,332,1148,285,298,247],"class_list":["post-48031","post","type-post","status-publish","format-standard","has-post-thumbnail","hentry","category-politica-congreso","category-destacada","category-politica","tag-cartagena-de-indias","tag-congreso","tag-desgobierno","tag-destacada","tag-politica","tag-yamilito-arana"],"_links":{"self":[{"href":"https:\/\/revistazetta.com\/index.php?rest_route=\/wp\/v2\/posts\/48031","targetHints":{"allow":["GET"]}}],"collection":[{"href":"https:\/\/revistazetta.com\/index.php?rest_route=\/wp\/v2\/posts"}],"about":[{"href":"https:\/\/revistazetta.com\/index.php?rest_route=\/wp\/v2\/types\/post"}],"author":[{"embeddable":true,"href":"https:\/\/revistazetta.com\/index.php?rest_route=\/wp\/v2\/users\/3"}],"replies":[{"embeddable":true,"href":"https:\/\/revistazetta.com\/index.php?rest_route=%2Fwp%2Fv2%2Fcomments&post=48031"}],"version-history":[{"count":0,"href":"https:\/\/revistazetta.com\/index.php?rest_route=\/wp\/v2\/posts\/48031\/revisions"}],"wp:featuredmedia":[{"embeddable":true,"href":"https:\/\/revistazetta.com\/index.php?rest_route=\/wp\/v2\/media\/48033"}],"wp:attachment":[{"href":"https:\/\/revistazetta.com\/index.php?rest_route=%2Fwp%2Fv2%2Fmedia&parent=48031"}],"wp:term":[{"taxonomy":"category","embeddable":true,"href":"https:\/\/revistazetta.com\/index.php?rest_route=%2Fwp%2Fv2%2Fcategories&post=48031"},{"taxonomy":"post_tag","embeddable":true,"href":"https:\/\/revistazetta.com\/index.php?rest_route=%2Fwp%2Fv2%2Ftags&post=48031"}],"curies":[{"name":"wp","href":"https:\/\/api.w.org\/{rel}","templated":true}]}}