{"id":48395,"date":"2022-11-30T08:01:29","date_gmt":"2022-11-30T13:01:29","guid":{"rendered":"https:\/\/revistazetta.com\/?p=48395"},"modified":"2022-11-30T08:01:29","modified_gmt":"2022-11-30T13:01:29","slug":"que-se-esta-haciendo-ante-la-ola-invernal-en-bolivar-audiencia-de-la-asamblea-departamental-en-magangue","status":"publish","type":"post","link":"https:\/\/revistazetta.com\/?p=48395","title":{"rendered":"\u00bfQu\u00e9 se est\u00e1 haciendo ante la ola invernal en Bol\u00edvar? Audiencia de la Asamblea Departamental en Magangu\u00e9"},"content":{"rendered":"<p>La Asamblea de Bol\u00edvar realiz\u00f3 audiencia p\u00fablica en Magangu\u00e9 para tratar temas de afectaciones por ola invernal en esta regi\u00f3n<\/p>\n<p><strong>Cartagena de Indias, 30 de noviembre de 2022.-<\/strong> En el centro cultural Chico Cervantes del municipio de Magangu\u00e9 se adelant\u00f3 audiencia p\u00fablica propuesta por el diputado Jorge Rodr\u00edguez Sosa, con el fin de tratar temas de afectaciones por la ola invernal y los avances en el plan de desarrollo desde sus diferentes ejes tem\u00e1ticos de la regi\u00f3n.<\/p>\n<p>A la audiencia fueron invitados los alcaldes de los municipios de Margarita, Altos del Rosario, Magangu\u00e9, Cicuco, Ach\u00ed, Pinillos, San Fernando, Talaigua, Mompox, Barranco de Loba, San Mart\u00edn de Loba, Regidor, Rio Viejo; tambi\u00e9n el presidente del Concejo de Magangu\u00e9 y los presidentes de sus 5 comunas.<\/p>\n<p><img loading=\"lazy\" decoding=\"async\" class=\"alignnone size-medium wp-image-48397\" src=\"https:\/\/revistazetta.com\/wp-content\/uploads\/2022\/11\/WhatsApp-Image-2022-11-29-at-5.49.59-PM-400x267.jpeg\" alt=\"\" width=\"400\" height=\"267\" srcset=\"https:\/\/revistazetta.com\/wp-content\/uploads\/2022\/11\/WhatsApp-Image-2022-11-29-at-5.49.59-PM-400x267.jpeg 400w, https:\/\/revistazetta.com\/wp-content\/uploads\/2022\/11\/WhatsApp-Image-2022-11-29-at-5.49.59-PM-1024x682.jpeg 1024w, https:\/\/revistazetta.com\/wp-content\/uploads\/2022\/11\/WhatsApp-Image-2022-11-29-at-5.49.59-PM.jpeg 1280w\" sizes=\"auto, (max-width: 400px) 100vw, 400px\" \/><\/p>\n<p>Para esta audiencia se tuvo en cuenta que la ola invernal ha tra\u00eddo graves consecuencias en la Depresi\u00f3n Momposina, la Mojana sucre\u00f1a y bolivarense, especialmente en el municipio de Maganqu\u00e9. Por esto, se aprob\u00f3 citar al director de Gesti\u00f3n de Riesgo Departamental Jos\u00e9 Ricaurte, y a los secretarios de Planeaci\u00f3n, Karol Osorio; infraestructura, Gisselle Rom\u00e1n, y Agricultura, Adriana Trucco, a fin de que resolvieran las inquietudes en relaci\u00f3n con la problem\u00e1tica de las inundaciones en la regi\u00f3n, y el debilitamiento de la obra del dique protector del barrio Girardot de Magangu\u00e9, la v\u00eda que conduce de Camilo Torres al corregimiento de Tacasaluma, y su futura prolongaci\u00f3n hacia la Mojana, otros carreteables y dem\u00e1s obras que se adelantan por parte del departamento en el municipio de Magangu\u00e9, como tambi\u00e9n la complementariedad que adelanta el Departamento de Bolivar en el desarrollo rural y agropecuario de esta subregi\u00f3n.<\/p>\n<p><img loading=\"lazy\" decoding=\"async\" class=\"alignnone size-medium wp-image-48398\" src=\"https:\/\/revistazetta.com\/wp-content\/uploads\/2022\/11\/WhatsApp-Image-2022-11-29-at-5.50.00-PM-1-400x267.jpeg\" alt=\"\" width=\"400\" height=\"267\" srcset=\"https:\/\/revistazetta.com\/wp-content\/uploads\/2022\/11\/WhatsApp-Image-2022-11-29-at-5.50.00-PM-1-400x267.jpeg 400w, https:\/\/revistazetta.com\/wp-content\/uploads\/2022\/11\/WhatsApp-Image-2022-11-29-at-5.50.00-PM-1-1024x683.jpeg 1024w, https:\/\/revistazetta.com\/wp-content\/uploads\/2022\/11\/WhatsApp-Image-2022-11-29-at-5.50.00-PM-1-1536x1024.jpeg 1536w, https:\/\/revistazetta.com\/wp-content\/uploads\/2022\/11\/WhatsApp-Image-2022-11-29-at-5.50.00-PM-1.jpeg 1599w\" sizes=\"auto, (max-width: 400px) 100vw, 400px\" \/><\/p>\n<p>El presidente de la Asamblea de Bol\u00edvar, Elkin Benavides, indic\u00f3 que \u00abquisimos hacer esta audiencia p\u00fablica porque fue una intenci\u00f3n un\u00e1nime de la Asamblea Departamental, con la finalidad de darle la cara a la segunda ciudad del Departamento de Bol\u00edvar como lo es Magangu\u00e9, para conocer de viva voz la impresi\u00f3n y expectativas que tiene la comunidad con respecto a las obras, que se est\u00e1n ejecutando y las inversiones que se est\u00e1n haciendo. Se destac\u00f3 la problem\u00e1tica que existe en el municipio en el barrio Girardot, algunas inquietudes de la comunidad en cuanto la v\u00eda de Camilo Torres-Barranco Yuca primer tramo, la v\u00eda del Arroz, ya que la comunidad la interpreta como una de las obras m\u00e1s importantes que est\u00e1 haciendo el Gobierno, y no queremos que se vea enlodada por una mala ejecuci\u00f3n. Tambi\u00e9n se habl\u00f3 de lo que deber\u00eda invertirse los recursos del erario del Departamento de Bolivar, que la comunidad considera que no se ha invertido y el Gobierno est\u00e1 a tiempo todav\u00eda de acatar y escuchar a la Regi\u00f3n Maganguele\u00f1a en cuanto a esas metas que a\u00fan no se le han destinado recursos\u00bb.<\/p>\n<p><img loading=\"lazy\" decoding=\"async\" class=\"alignnone size-medium wp-image-48400\" src=\"https:\/\/revistazetta.com\/wp-content\/uploads\/2022\/11\/WhatsApp-Image-2022-11-29-at-5.50.01-PM-400x267.jpeg\" alt=\"\" width=\"400\" height=\"267\" srcset=\"https:\/\/revistazetta.com\/wp-content\/uploads\/2022\/11\/WhatsApp-Image-2022-11-29-at-5.50.01-PM-400x267.jpeg 400w, https:\/\/revistazetta.com\/wp-content\/uploads\/2022\/11\/WhatsApp-Image-2022-11-29-at-5.50.01-PM-1024x683.jpeg 1024w, https:\/\/revistazetta.com\/wp-content\/uploads\/2022\/11\/WhatsApp-Image-2022-11-29-at-5.50.01-PM-1536x1024.jpeg 1536w, https:\/\/revistazetta.com\/wp-content\/uploads\/2022\/11\/WhatsApp-Image-2022-11-29-at-5.50.01-PM.jpeg 1599w\" sizes=\"auto, (max-width: 400px) 100vw, 400px\" \/><\/p>\n<p>En medio de la audiencia fueron escuchados concejales, ediles y dolientes de estas problem\u00e1ticas, quienes expresaron sus inconformidades sobre los temas tratados y sugirieron soluciones alternas, con las que se puede salir adelante desde los distintos municipios afectados.<\/p>\n<p>\u201cTodos sabemos que nuestro municipio tiene 135 barrios que hace m\u00e1s de ocho meses que est\u00e1n debajo del agua, algo que nos preocupa pues ya sobre todo los corregimientos que est\u00e1n a orillas del r\u00edo, han perdido todo. Usted nos ve en cambuche saliendo, hoy estamos pidiendo porque no se ven las ayudas del gobierno nacional, local y Ddpartamental, han venido muchas ayudas, pero muy pocas para nuestro municipio. El problema es grave, todos lo saben y sobre todo ustedes los diputados, por azar ser\u00edan m\u00e1s de 20.000 damnificados y muertos. Que Dios nos bendiga y nos guarde porque esto ser\u00eda algo desastroso\u201d, afirm\u00f3 Concepci\u00f3n Vel\u00e1squez, concejal de Magangu\u00e9.<\/p>\n<p><img loading=\"lazy\" decoding=\"async\" class=\"alignnone size-medium wp-image-48399\" src=\"https:\/\/revistazetta.com\/wp-content\/uploads\/2022\/11\/WhatsApp-Image-2022-11-29-at-5.50.00-PM-400x267.jpeg\" alt=\"\" width=\"400\" height=\"267\" srcset=\"https:\/\/revistazetta.com\/wp-content\/uploads\/2022\/11\/WhatsApp-Image-2022-11-29-at-5.50.00-PM-400x267.jpeg 400w, https:\/\/revistazetta.com\/wp-content\/uploads\/2022\/11\/WhatsApp-Image-2022-11-29-at-5.50.00-PM-1024x682.jpeg 1024w, https:\/\/revistazetta.com\/wp-content\/uploads\/2022\/11\/WhatsApp-Image-2022-11-29-at-5.50.00-PM.jpeg 1280w\" sizes=\"auto, (max-width: 400px) 100vw, 400px\" \/><\/p>\n<p>As\u00ed mismo, el ponente de esta proposici\u00f3n, el diputado Jorge Rodr\u00edguez expres\u00f3 que \u00abel principal valor de esta audiencia fue el valor de la comunidad, en el sentido de expresar sus inquietudes con el posible quiebre del Dique a la altura del barrio Girardot de la ciudad de Magangu\u00e9. La mayor\u00eda de las inquietudes fueron presentadas alrededor de los problemas que se tienen a trav\u00e9s de la Unidad de Gesti\u00f3n del Riesgo, porque la comunidad est\u00e1 inundada, sufriendo de agua y hambre por la misma situaci\u00f3n, y espera de mano del gobierno departamental y nacional, la entrega de ayudas y soluciones concretas a las inundaciones\u00bb.<\/p>\n<p>Finalmente, los funcionarios del Gobierno del Bol\u00edvar Primero y la Duma Departamental brindaron un parte de tranquilidad sobre este tema, en el cual se est\u00e1 haciendo todo por resolver, con alternativas que fueron presentadas a la comunidad como lo es el traslado del barrio Girardot, y adecuaciones en materia de infraestructura para acabar con esta problem\u00e1tica.<\/p>\n","protected":false},"excerpt":{"rendered":"<p>La Asamblea de Bol\u00edvar realiz\u00f3 audiencia p\u00fablica en Magangu\u00e9 para tratar temas de afectaciones por ola invernal en esta regi\u00f3n Cartagena de Indias, 30 de noviembre de 2022.- En el centro cultural Chico Cervantes del municipio de Magangu\u00e9 se adelant\u00f3 audiencia p\u00fablica propuesta por el diputado Jorge Rodr\u00edguez Sosa, con el fin de tratar temas de afectaciones por la ola invernal y los avances en el plan de desarrollo desde sus diferentes ejes tem\u00e1ticos de la regi\u00f3n. A la audiencia fueron invitados los alcaldes de los municipios de Margarita, Altos&#8230; <\/p>\n","protected":false},"author":3,"featured_media":48396,"comment_status":"closed","ping_status":"closed","sticky":false,"template":"","format":"standard","meta":{"footnotes":"","_links_to":"","_links_to_target":""},"categories":[28,4],"tags":[322,635,1390,298],"class_list":["post-48395","post","type-post","status-publish","format-standard","has-post-thumbnail","hentry","category-politica-asamblea","category-politica","tag-asamblea","tag-magangue","tag-ola-invernal","tag-politica"],"_links":{"self":[{"href":"https:\/\/revistazetta.com\/index.php?rest_route=\/wp\/v2\/posts\/48395","targetHints":{"allow":["GET"]}}],"collection":[{"href":"https:\/\/revistazetta.com\/index.php?rest_route=\/wp\/v2\/posts"}],"about":[{"href":"https:\/\/revistazetta.com\/index.php?rest_route=\/wp\/v2\/types\/post"}],"author":[{"embeddable":true,"href":"https:\/\/revistazetta.com\/index.php?rest_route=\/wp\/v2\/users\/3"}],"replies":[{"embeddable":true,"href":"https:\/\/revistazetta.com\/index.php?rest_route=%2Fwp%2Fv2%2Fcomments&post=48395"}],"version-history":[{"count":0,"href":"https:\/\/revistazetta.com\/index.php?rest_route=\/wp\/v2\/posts\/48395\/revisions"}],"wp:featuredmedia":[{"embeddable":true,"href":"https:\/\/revistazetta.com\/index.php?rest_route=\/wp\/v2\/media\/48396"}],"wp:attachment":[{"href":"https:\/\/revistazetta.com\/index.php?rest_route=%2Fwp%2Fv2%2Fmedia&parent=48395"}],"wp:term":[{"taxonomy":"category","embeddable":true,"href":"https:\/\/revistazetta.com\/index.php?rest_route=%2Fwp%2Fv2%2Fcategories&post=48395"},{"taxonomy":"post_tag","embeddable":true,"href":"https:\/\/revistazetta.com\/index.php?rest_route=%2Fwp%2Fv2%2Ftags&post=48395"}],"curies":[{"name":"wp","href":"https:\/\/api.w.org\/{rel}","templated":true}]}}