{"id":4848,"date":"2015-03-06T06:52:24","date_gmt":"2015-03-06T11:52:24","guid":{"rendered":"http:\/\/www.revistazetta.com\/?p=4848"},"modified":"2015-03-06T06:52:24","modified_gmt":"2015-03-06T11:52:24","slug":"bolivar-es-un-departamento-viejo","status":"publish","type":"post","link":"https:\/\/revistazetta.com\/?p=4848","title":{"rendered":"\u201cBol\u00edvar es un departamento viejo\u201d"},"content":{"rendered":"<p>La Asamblea Departamental le dio primer debate al proyecto de pol\u00edtica p\u00fablica de envejecimiento y vejez, donde el asesor de la Fundaci\u00f3n Saldarriaga Concha, Lucas Correa, dijo que las cifras estudiadas concluyen que Bol\u00edvar es un departamento con alta poblaci\u00f3n de la tercera edad.<\/p>\n<p>Antes de dar paso a la lectura y aprobaci\u00f3n del Primer debate del proyecto en menci\u00f3n se socializ\u00f3 esta iniciativa departamental a cargo de la Directora de Desarrollo Social, Hilue Badr\u00e1n, y de Lucas Correa, representante de la Fundaci\u00f3n Saldarriaga Concha, entidad articuladora del proyecto.<\/p>\n<p>En Colombia, el 9.9% de la poblaci\u00f3n est\u00e1 en edad de vejez, pero Bol\u00edvar tiene un promedio superior de 10.14% y la proyecci\u00f3n es de tendencia al alza.<\/p>\n<p>Casi 150 mil personas en Bol\u00edvar est\u00e1n en la tercera edad, y lo m\u00e1s preocupante es que hay 335 mil personas entre los 40-59 a\u00f1os, es decir, que la poblaci\u00f3n ser\u00e1 m\u00e1s vieja en pocos a\u00f1os.<\/p>\n<p>La pol\u00edtica que plantea el gobierno de Juan Carlos Gossa\u00edn en este proyecto de ordenanza tiene seis ejes:<\/p>\n<p>Dignidad de las personas mayores para el envejecimiento, protecci\u00f3n especial a las personas mayores, participaci\u00f3n y ciudadan\u00eda activa de las personas mayores, autonom\u00eda y autorrealizaci\u00f3n de las personas mayores, y construcci\u00f3n de paz.<\/p>\n<p>Los diputados formularon interrogantes sobre la manera en que se va a articular esta pol\u00edtica en cada municipio.<\/p>\n<p>Luis Padilla se mostr\u00f3 preocupado porque en 2013 e aprob\u00f3 una ordenanza para la Tercera Edad con una estampilla, y la Asamblea espera un informe detallado de la Secretar\u00eda de Hacienda sobre el recaudo y destinaci\u00f3n de tales recursos.<\/p>\n<p>\u201cQueremos saber en que se va a comprometer la Secretar\u00eda de Salud para cumplir el objeto de este Proyecto, porque lo que nos interesa a nosotros es el bienestar de los ciudadanos y mas aun la poblaci\u00f3n vulnerable\u201d, expres\u00f3 el diputado Luis Padilla.<\/p>\n<p>Por su parte el diputado Carlos F\u00e9liz Monsalve manifest\u00f3 que la Pol\u00edtica Publica era un pacto entre el Estado y la Ciudadan\u00eda, en la que se deben usar estrat\u00e9gicamente los recursos bajo los principios de complementariedad y subsidiariedad.<\/p>\n<p>\u201cInvito al Gobierno Departamental a organizar acciones y servicios que beneficien al adulto mayor de manera integral, para que sean aprovechados al m\u00e1ximo los recursos que dispone el Departamento para esta poblaci\u00f3n\u201d, agreg\u00f3 Feliz Monsalve.<\/p>\n","protected":false},"excerpt":{"rendered":"<p>La Asamblea Departamental le dio primer debate al proyecto de pol\u00edtica p\u00fablica de envejecimiento y vejez, donde el asesor de la Fundaci\u00f3n Saldarriaga Concha, Lucas Correa, dijo que las cifras estudiadas concluyen que Bol\u00edvar es un departamento con alta poblaci\u00f3n de la tercera edad. Antes de dar paso a la lectura y aprobaci\u00f3n del Primer debate del proyecto en menci\u00f3n se socializ\u00f3 esta iniciativa departamental a cargo de la Directora de Desarrollo Social, Hilue Badr\u00e1n, y de Lucas Correa, representante de la Fundaci\u00f3n Saldarriaga Concha, entidad articuladora del proyecto. En&#8230; <\/p>\n","protected":false},"author":3,"featured_media":4850,"comment_status":"open","ping_status":"closed","sticky":false,"template":"","format":"standard","meta":{"footnotes":"","_links_to":"","_links_to_target":""},"categories":[28,4],"tags":[],"class_list":["post-4848","post","type-post","status-publish","format-standard","has-post-thumbnail","hentry","category-politica-asamblea","category-politica"],"_links":{"self":[{"href":"https:\/\/revistazetta.com\/index.php?rest_route=\/wp\/v2\/posts\/4848","targetHints":{"allow":["GET"]}}],"collection":[{"href":"https:\/\/revistazetta.com\/index.php?rest_route=\/wp\/v2\/posts"}],"about":[{"href":"https:\/\/revistazetta.com\/index.php?rest_route=\/wp\/v2\/types\/post"}],"author":[{"embeddable":true,"href":"https:\/\/revistazetta.com\/index.php?rest_route=\/wp\/v2\/users\/3"}],"replies":[{"embeddable":true,"href":"https:\/\/revistazetta.com\/index.php?rest_route=%2Fwp%2Fv2%2Fcomments&post=4848"}],"version-history":[{"count":0,"href":"https:\/\/revistazetta.com\/index.php?rest_route=\/wp\/v2\/posts\/4848\/revisions"}],"wp:featuredmedia":[{"embeddable":true,"href":"https:\/\/revistazetta.com\/index.php?rest_route=\/wp\/v2\/media\/4850"}],"wp:attachment":[{"href":"https:\/\/revistazetta.com\/index.php?rest_route=%2Fwp%2Fv2%2Fmedia&parent=4848"}],"wp:term":[{"taxonomy":"category","embeddable":true,"href":"https:\/\/revistazetta.com\/index.php?rest_route=%2Fwp%2Fv2%2Fcategories&post=4848"},{"taxonomy":"post_tag","embeddable":true,"href":"https:\/\/revistazetta.com\/index.php?rest_route=%2Fwp%2Fv2%2Ftags&post=4848"}],"curies":[{"name":"wp","href":"https:\/\/api.w.org\/{rel}","templated":true}]}}