{"id":48524,"date":"2022-12-13T23:52:22","date_gmt":"2022-12-14T04:52:22","guid":{"rendered":"https:\/\/revistazetta.com\/?p=48524"},"modified":"2023-02-14T10:12:25","modified_gmt":"2023-02-14T15:12:25","slug":"la-invitacion-de-charanga-joven-es-la-cancion-del-ano-2022","status":"publish","type":"post","link":"https:\/\/revistazetta.com\/?p=48524","title":{"rendered":"\u00abLa Invitaci\u00f3n\u00bb, de Charanga Joven, es la Canci\u00f3n del A\u00f1o 2022"},"content":{"rendered":"<p><strong>Cartagena de Indias, 14 de diciembre de 2022.-<\/strong> La Canci\u00f3n del A\u00f1o 2022 es La Invitaci\u00f3n, el \u00e9xito desbordante de la agrupaci\u00f3n \u00abCharanga Joven\u00bb.<\/p>\n<p>El tema es autor\u00eda de Antony Puello \u00abTony Sky\u00bb, es cantado por Juandi Fiel Llamas, y se ha convertido en un suceso musical y todo un hito en el sonido cartagenero.<\/p>\n<p>La distinci\u00f3n como \u00abCanci\u00f3n del A\u00f1o\u00bb les ser\u00e1 entregada en la ceremonia de entrega de los premios \u00abPersona del A\u00f1o 2022\u00bb, este viernes 16 de diciembre, en Uniandes (Serena del Mar), a las 8 de la ma\u00f1ana.<\/p>\n<p>La Charanga Joven est\u00e1 integrada por:<\/p>\n<p>Santiago Ahumada (Director &#8211; Bajo)<\/p>\n<p>Juandi Fiel Llamas (Voz &#8211; G\u00fciro)<\/p>\n<p>Luismi Yanes (Voz &#8211; Timbal)<\/p>\n<p>Camilo Masucci Buelvas (Flauta)<\/p>\n<p>Daniel Vega \u201cEl Shabbala\u201d (Viol\u00edn)<\/p>\n<p>Kevin Padilla \u201cChory\u201d (Congas)<\/p>\n<p>Oscar Montes \u201cEl S\u00fagar\u201d (Piano)<\/p>\n<p>&nbsp;<\/p>\n<blockquote class=\"instagram-media\" style=\"background: #FFF; border: 0; border-radius: 3px; box-shadow: 0 0 1px 0 rgba(0,0,0,0.5),0 1px 10px 0 rgba(0,0,0,0.15); margin: 1px; max-width: 540px; min-width: 326px; padding: 0; width: calc(100% - 2px);\" data-instgrm-captioned=\"\" data-instgrm-permalink=\"https:\/\/www.instagram.com\/reel\/CmIn_QMu0u8\/?utm_source=ig_embed&amp;utm_campaign=loading\" data-instgrm-version=\"14\">\n<div style=\"padding: 16px;\">\n<p>&nbsp;<\/p>\n<div style=\"display: flex; flex-direction: row; align-items: center;\">\n<div style=\"background-color: #f4f4f4; border-radius: 50%; flex-grow: 0; height: 40px; margin-right: 14px; width: 40px;\"><\/div>\n<div style=\"display: flex; flex-direction: column; flex-grow: 1; justify-content: center;\">\n<div style=\"background-color: #f4f4f4; border-radius: 4px; flex-grow: 0; height: 14px; margin-bottom: 6px; width: 100px;\"><\/div>\n<div style=\"background-color: #f4f4f4; border-radius: 4px; flex-grow: 0; height: 14px; width: 60px;\"><\/div>\n<\/div>\n<\/div>\n<div style=\"padding: 19% 0;\"><\/div>\n<div style=\"display: block; height: 50px; margin: 0 auto 12px; width: 50px;\"><\/div>\n<div style=\"padding-top: 8px;\">\n<div style=\"color: #3897f0; font-family: Arial,sans-serif; font-size: 14px; font-style: normal; font-weight: 550; line-height: 18px;\">Ver esta publicaci\u00f3n en Instagram<\/div>\n<\/div>\n<div style=\"padding: 12.5% 0;\"><\/div>\n<div style=\"display: flex; flex-direction: row; margin-bottom: 14px; align-items: center;\">\n<div>\n<div style=\"background-color: #f4f4f4; border-radius: 50%; height: 12.5px; width: 12.5px; transform: translateX(0px) translateY(7px);\"><\/div>\n<div style=\"background-color: #f4f4f4; height: 12.5px; transform: rotate(-45deg) translateX(3px) translateY(1px); width: 12.5px; flex-grow: 0; margin-right: 14px; margin-left: 2px;\"><\/div>\n<div style=\"background-color: #f4f4f4; border-radius: 50%; height: 12.5px; width: 12.5px; transform: translateX(9px) translateY(-18px);\"><\/div>\n<\/div>\n<div style=\"margin-left: 8px;\">\n<div style=\"background-color: #f4f4f4; border-radius: 50%; flex-grow: 0; height: 20px; width: 20px;\"><\/div>\n<div style=\"width: 0; height: 0; border-top: 2px solid transparent; border-left: 6px solid #f4f4f4; border-bottom: 2px solid transparent; transform: translateX(16px) translateY(-4px) rotate(30deg);\"><\/div>\n<\/div>\n<div style=\"margin-left: auto;\">\n<div style=\"width: 0px; border-top: 8px solid #F4F4F4; border-right: 8px solid transparent; transform: translateY(16px);\"><\/div>\n<div style=\"background-color: #f4f4f4; flex-grow: 0; height: 12px; width: 16px; transform: translateY(-4px);\"><\/div>\n<div style=\"width: 0; height: 0; border-top: 8px solid #F4F4F4; border-left: 8px solid transparent; transform: translateY(-4px) translateX(8px);\"><\/div>\n<\/div>\n<\/div>\n<div style=\"display: flex; flex-direction: column; flex-grow: 1; justify-content: center; margin-bottom: 24px;\">\n<div style=\"background-color: #f4f4f4; border-radius: 4px; flex-grow: 0; height: 14px; margin-bottom: 6px; width: 224px;\"><\/div>\n<div style=\"background-color: #f4f4f4; border-radius: 4px; flex-grow: 0; height: 14px; width: 144px;\"><\/div>\n<\/div>\n<p>&nbsp;<\/p>\n<p style=\"color: #c9c8cd; font-family: Arial,sans-serif; font-size: 14px; line-height: 17px; margin-bottom: 0; margin-top: 8px; overflow: hidden; padding: 8px 0 7px; text-align: center; text-overflow: ellipsis; white-space: nowrap;\"><a style=\"color: #c9c8cd; font-family: Arial,sans-serif; font-size: 14px; font-style: normal; font-weight: normal; line-height: 17px; text-decoration: none;\" href=\"https:\/\/www.instagram.com\/reel\/CmIn_QMu0u8\/?utm_source=ig_embed&amp;utm_campaign=loading\" target=\"_blank\" rel=\"noopener\">Una publicaci\u00f3n compartida por Revista Zetta (@revista.zetta)<\/a><\/p>\n<\/div>\n<\/blockquote>\n<p><script async src=\"\/\/www.instagram.com\/embed.js\"><\/script><\/p>\n","protected":false},"excerpt":{"rendered":"<p>Cartagena de Indias, 14 de diciembre de 2022.- La Canci\u00f3n del A\u00f1o 2022 es La Invitaci\u00f3n, el \u00e9xito desbordante de la agrupaci\u00f3n \u00abCharanga Joven\u00bb. El tema es autor\u00eda de Antony Puello \u00abTony Sky\u00bb, es cantado por Juandi Fiel Llamas, y se ha convertido en un suceso musical y todo un hito en el sonido cartagenero. La distinci\u00f3n como \u00abCanci\u00f3n del A\u00f1o\u00bb les ser\u00e1 entregada en la ceremonia de entrega de los premios \u00abPersona del A\u00f1o 2022\u00bb, este viernes 16 de diciembre, en Uniandes (Serena del Mar), a las 8 de&#8230; <\/p>\n","protected":false},"author":3,"featured_media":48525,"comment_status":"closed","ping_status":"closed","sticky":false,"template":"","format":"standard","meta":{"footnotes":"","_links_to":"","_links_to_target":""},"categories":[75,1356],"tags":[1419,1421,285,1420,1357],"class_list":["post-48524","post","type-post","status-publish","format-standard","has-post-thumbnail","hentry","category-destacada","category-persona-del-ano","tag-cancion-del-ano","tag-charanga-joven","tag-destacada","tag-la-invitacion","tag-persona-del-ano"],"_links":{"self":[{"href":"https:\/\/revistazetta.com\/index.php?rest_route=\/wp\/v2\/posts\/48524","targetHints":{"allow":["GET"]}}],"collection":[{"href":"https:\/\/revistazetta.com\/index.php?rest_route=\/wp\/v2\/posts"}],"about":[{"href":"https:\/\/revistazetta.com\/index.php?rest_route=\/wp\/v2\/types\/post"}],"author":[{"embeddable":true,"href":"https:\/\/revistazetta.com\/index.php?rest_route=\/wp\/v2\/users\/3"}],"replies":[{"embeddable":true,"href":"https:\/\/revistazetta.com\/index.php?rest_route=%2Fwp%2Fv2%2Fcomments&post=48524"}],"version-history":[{"count":0,"href":"https:\/\/revistazetta.com\/index.php?rest_route=\/wp\/v2\/posts\/48524\/revisions"}],"wp:featuredmedia":[{"embeddable":true,"href":"https:\/\/revistazetta.com\/index.php?rest_route=\/wp\/v2\/media\/48525"}],"wp:attachment":[{"href":"https:\/\/revistazetta.com\/index.php?rest_route=%2Fwp%2Fv2%2Fmedia&parent=48524"}],"wp:term":[{"taxonomy":"category","embeddable":true,"href":"https:\/\/revistazetta.com\/index.php?rest_route=%2Fwp%2Fv2%2Fcategories&post=48524"},{"taxonomy":"post_tag","embeddable":true,"href":"https:\/\/revistazetta.com\/index.php?rest_route=%2Fwp%2Fv2%2Ftags&post=48524"}],"curies":[{"name":"wp","href":"https:\/\/api.w.org\/{rel}","templated":true}]}}