{"id":48526,"date":"2022-12-14T17:28:56","date_gmt":"2022-12-14T22:28:56","guid":{"rendered":"https:\/\/revistazetta.com\/?p=48526"},"modified":"2022-12-14T18:38:23","modified_gmt":"2022-12-14T23:38:23","slug":"gracias-por-siempre-asamblea-exalta-labor-del-cuerpo-medico-que-nos-atendio-en-la-pandemia","status":"publish","type":"post","link":"https:\/\/revistazetta.com\/?p=48526","title":{"rendered":"\u00abGracias, por siempre\u00bb: Asamblea exalta labor del cuerpo m\u00e9dico que nos atendi\u00f3 en la pandemia"},"content":{"rendered":"<p><strong>Cartagena de Indias, 14 de diciembre de 2022.-<\/strong> La Asamblea Departamental de Bol\u00edvar exalt\u00f3 la labor vital que desarroll\u00f3 el cuerpo m\u00e9dico de la regi\u00f3n durante la pandemia por Covid19, que permiti\u00f3 salvar miles de vidas, y la diputada Viviana Villalobos, gestora de la distinci\u00f3n, dijo que la comunidad nunca olvidar\u00e1 su valent\u00eda, sacrificio y sapiencia.<\/p>\n<p><img loading=\"lazy\" decoding=\"async\" class=\"alignnone size-medium wp-image-48534\" src=\"https:\/\/revistazetta.com\/wp-content\/uploads\/2022\/12\/Viviana-Villalobos-4-400x267.jpg\" alt=\"\" width=\"400\" height=\"267\" srcset=\"https:\/\/revistazetta.com\/wp-content\/uploads\/2022\/12\/Viviana-Villalobos-4-400x267.jpg 400w, https:\/\/revistazetta.com\/wp-content\/uploads\/2022\/12\/Viviana-Villalobos-4-1024x683.jpg 1024w, https:\/\/revistazetta.com\/wp-content\/uploads\/2022\/12\/Viviana-Villalobos-4-1536x1024.jpg 1536w, https:\/\/revistazetta.com\/wp-content\/uploads\/2022\/12\/Viviana-Villalobos-4-2048x1365.jpg 2048w\" sizes=\"auto, (max-width: 400px) 100vw, 400px\" \/><\/p>\n<p>Seg\u00fan Nicol\u00e1s Chedraui, director del Hospital Universitario del Caribe, el primer caso atentado se registr\u00f3 el 16 de marzo de 2020, y desde entonces han sido 2.600 pacientes atendidos con esta patolog\u00eda.<\/p>\n<blockquote class=\"twitter-tweet\">\n<p dir=\"ltr\" lang=\"es\">\u00abGracias, por siempre\u00bb: <a href=\"https:\/\/twitter.com\/AsambleadeBol?ref_src=twsrc%5Etfw\" target=\"_blank\" rel=\"noopener\">@AsambleadeBol<\/a> exalta labor del cuerpo m\u00e9dico que nos atendi\u00f3 en la pandemia<a href=\"https:\/\/t.co\/9sXEhKd6bL\">https:\/\/t.co\/9sXEhKd6bL<\/a> <a href=\"https:\/\/twitter.com\/vivianavc51?ref_src=twsrc%5Etfw\" target=\"_blank\" rel=\"noopener\">@vivianavc51<\/a> <a href=\"https:\/\/twitter.com\/hucaribe1?ref_src=twsrc%5Etfw\" target=\"_blank\" rel=\"noopener\">@hucaribe1<\/a> <a href=\"https:\/\/twitter.com\/hashtag\/RevistaZetta?src=hash&amp;ref_src=twsrc%5Etfw\" target=\"_blank\" rel=\"noopener\">#RevistaZetta<\/a> <a href=\"https:\/\/twitter.com\/hashtag\/Covid_19?src=hash&amp;ref_src=twsrc%5Etfw\" target=\"_blank\" rel=\"noopener\">#Covid_19<\/a> <a href=\"https:\/\/twitter.com\/hashtag\/Salud?src=hash&amp;ref_src=twsrc%5Etfw\" target=\"_blank\" rel=\"noopener\">#Salud<\/a> <a href=\"https:\/\/t.co\/wSSyAgSfcM\">pic.twitter.com\/wSSyAgSfcM<\/a><\/p>\n<p>\u2014 Revista Zetta (@RevistaZetta) <a href=\"https:\/\/twitter.com\/RevistaZetta\/status\/1603158232368824322?ref_src=twsrc%5Etfw\" target=\"_blank\" rel=\"noopener\">December 14, 2022<\/a><\/p><\/blockquote>\n<p><script async src=\"https:\/\/platform.twitter.com\/widgets.js\" charset=\"utf-8\"><\/script><\/p>\n<p>&nbsp;<\/p>\n<p><img loading=\"lazy\" decoding=\"async\" class=\"alignnone size-medium wp-image-48530\" src=\"https:\/\/revistazetta.com\/wp-content\/uploads\/2022\/12\/Nicolas-Chedraui-400x267.jpg\" alt=\"\" width=\"400\" height=\"267\" srcset=\"https:\/\/revistazetta.com\/wp-content\/uploads\/2022\/12\/Nicolas-Chedraui-400x267.jpg 400w, https:\/\/revistazetta.com\/wp-content\/uploads\/2022\/12\/Nicolas-Chedraui-1024x683.jpg 1024w, https:\/\/revistazetta.com\/wp-content\/uploads\/2022\/12\/Nicolas-Chedraui-1536x1024.jpg 1536w, https:\/\/revistazetta.com\/wp-content\/uploads\/2022\/12\/Nicolas-Chedraui-2048x1365.jpg 2048w\" sizes=\"auto, (max-width: 400px) 100vw, 400px\" \/><\/p>\n<p>Juan Manuel Montes Farah, m\u00e9dico que estuvo todo el tiempo en la atenci\u00f3n a pacientes con covid19, dijo que los resultados se debieron a un gran trabajo en equipo, de forma arm\u00f3nica entre todos sus integrantes, como m\u00e9dicos, terapistas, enfermeras, camilleros, aseadoras, personal administrativo, todo el cuerpo sanitario.<\/p>\n<p><img loading=\"lazy\" decoding=\"async\" class=\"alignnone size-medium wp-image-48529\" src=\"https:\/\/revistazetta.com\/wp-content\/uploads\/2022\/12\/Juan-Montes-400x267.jpg\" alt=\"\" width=\"400\" height=\"267\" srcset=\"https:\/\/revistazetta.com\/wp-content\/uploads\/2022\/12\/Juan-Montes-400x267.jpg 400w, https:\/\/revistazetta.com\/wp-content\/uploads\/2022\/12\/Juan-Montes-1024x683.jpg 1024w, https:\/\/revistazetta.com\/wp-content\/uploads\/2022\/12\/Juan-Montes-1536x1024.jpg 1536w, https:\/\/revistazetta.com\/wp-content\/uploads\/2022\/12\/Juan-Montes-2048x1365.jpg 2048w\" sizes=\"auto, (max-width: 400px) 100vw, 400px\" \/><\/p>\n<p>La diputada Villalobos expres\u00f3 que la comunidad nunca olvidar\u00e1 todo lo que hicieron para salvaguardar nuestras vidas, y que ese agradecimiento es de todos los d\u00edas, por siempre.<\/p>\n<p><img loading=\"lazy\" decoding=\"async\" class=\"alignnone size-medium wp-image-48532\" src=\"https:\/\/revistazetta.com\/wp-content\/uploads\/2022\/12\/Viviana-entrega-2-400x267.jpg\" alt=\"\" width=\"400\" height=\"267\" srcset=\"https:\/\/revistazetta.com\/wp-content\/uploads\/2022\/12\/Viviana-entrega-2-400x267.jpg 400w, https:\/\/revistazetta.com\/wp-content\/uploads\/2022\/12\/Viviana-entrega-2-1024x683.jpg 1024w, https:\/\/revistazetta.com\/wp-content\/uploads\/2022\/12\/Viviana-entrega-2-1536x1024.jpg 1536w, https:\/\/revistazetta.com\/wp-content\/uploads\/2022\/12\/Viviana-entrega-2-2048x1365.jpg 2048w\" sizes=\"auto, (max-width: 400px) 100vw, 400px\" \/><\/p>\n<p>Chedraui record\u00f3 que el gobernador de Bol\u00edvar, Vicente Blel Scaff, lider\u00f3 la recuperaci\u00f3n de tres pisos completos del HUC, con el concurso del gobierno nacional. De 1o camas UCI al comienzo de la pandemia, hoy hay 112 completamente dotadas y en funcionamiento.<\/p>\n<p><img loading=\"lazy\" decoding=\"async\" class=\"alignnone size-medium wp-image-48531\" src=\"https:\/\/revistazetta.com\/wp-content\/uploads\/2022\/12\/Viviana-entrega-1-400x267.jpg\" alt=\"\" width=\"400\" height=\"267\" srcset=\"https:\/\/revistazetta.com\/wp-content\/uploads\/2022\/12\/Viviana-entrega-1-400x267.jpg 400w, https:\/\/revistazetta.com\/wp-content\/uploads\/2022\/12\/Viviana-entrega-1-1024x683.jpg 1024w, https:\/\/revistazetta.com\/wp-content\/uploads\/2022\/12\/Viviana-entrega-1-1536x1024.jpg 1536w, https:\/\/revistazetta.com\/wp-content\/uploads\/2022\/12\/Viviana-entrega-1-2048x1365.jpg 2048w\" sizes=\"auto, (max-width: 400px) 100vw, 400px\" \/><\/p>\n<p>El homenaje al cuerpo m\u00e9dico se registr\u00f3 este mi\u00e9rcoles 14 de diciembre, en la clausura de las sesiones de la Asamblea Departamental de Bol\u00edvar.<\/p>\n<p><img loading=\"lazy\" decoding=\"async\" class=\"alignnone wp-image-48528 size-large\" src=\"https:\/\/revistazetta.com\/wp-content\/uploads\/2022\/12\/Captura-de-Pantalla-2022-12-14-a-las-5.18.42-p.m.-759x1024.png\" alt=\"\" width=\"740\" height=\"998\" srcset=\"https:\/\/revistazetta.com\/wp-content\/uploads\/2022\/12\/Captura-de-Pantalla-2022-12-14-a-las-5.18.42-p.m.-759x1024.png 759w, https:\/\/revistazetta.com\/wp-content\/uploads\/2022\/12\/Captura-de-Pantalla-2022-12-14-a-las-5.18.42-p.m.-297x400.png 297w, https:\/\/revistazetta.com\/wp-content\/uploads\/2022\/12\/Captura-de-Pantalla-2022-12-14-a-las-5.18.42-p.m..png 900w\" sizes=\"auto, (max-width: 740px) 100vw, 740px\" \/><\/p>\n<p>&nbsp;<\/p>\n<p><img loading=\"lazy\" decoding=\"async\" class=\"alignnone size-medium wp-image-48533\" src=\"https:\/\/revistazetta.com\/wp-content\/uploads\/2022\/12\/Viviana-Villalobos-3-400x364.jpg\" alt=\"\" width=\"400\" height=\"364\" srcset=\"https:\/\/revistazetta.com\/wp-content\/uploads\/2022\/12\/Viviana-Villalobos-3-400x364.jpg 400w, https:\/\/revistazetta.com\/wp-content\/uploads\/2022\/12\/Viviana-Villalobos-3-1024x931.jpg 1024w, https:\/\/revistazetta.com\/wp-content\/uploads\/2022\/12\/Viviana-Villalobos-3.jpg 1241w\" sizes=\"auto, (max-width: 400px) 100vw, 400px\" \/><\/p>\n","protected":false},"excerpt":{"rendered":"<p>Cartagena de Indias, 14 de diciembre de 2022.- La Asamblea Departamental de Bol\u00edvar exalt\u00f3 la labor vital que desarroll\u00f3 el cuerpo m\u00e9dico de la regi\u00f3n durante la pandemia por Covid19, que permiti\u00f3 salvar miles de vidas, y la diputada Viviana Villalobos, gestora de la distinci\u00f3n, dijo que la comunidad nunca olvidar\u00e1 su valent\u00eda, sacrificio y sapiencia. Seg\u00fan Nicol\u00e1s Chedraui, director del Hospital Universitario del Caribe, el primer caso atentado se registr\u00f3 el 16 de marzo de 2020, y desde entonces han sido 2.600 pacientes atendidos con esta patolog\u00eda. \u00abGracias, por&#8230; <\/p>\n","protected":false},"author":3,"featured_media":48527,"comment_status":"closed","ping_status":"closed","sticky":false,"template":"","format":"standard","meta":{"footnotes":"","_links_to":"","_links_to_target":""},"categories":[28,75,4],"tags":[176,528,285,1091,527,298,619],"class_list":["post-48526","post","type-post","status-publish","format-standard","has-post-thumbnail","hentry","category-politica-asamblea","category-destacada","category-politica","tag-asamblea-departamental","tag-covid-19","tag-destacada","tag-huc","tag-pandemia","tag-politica","tag-viviana-villalobos"],"_links":{"self":[{"href":"https:\/\/revistazetta.com\/index.php?rest_route=\/wp\/v2\/posts\/48526","targetHints":{"allow":["GET"]}}],"collection":[{"href":"https:\/\/revistazetta.com\/index.php?rest_route=\/wp\/v2\/posts"}],"about":[{"href":"https:\/\/revistazetta.com\/index.php?rest_route=\/wp\/v2\/types\/post"}],"author":[{"embeddable":true,"href":"https:\/\/revistazetta.com\/index.php?rest_route=\/wp\/v2\/users\/3"}],"replies":[{"embeddable":true,"href":"https:\/\/revistazetta.com\/index.php?rest_route=%2Fwp%2Fv2%2Fcomments&post=48526"}],"version-history":[{"count":0,"href":"https:\/\/revistazetta.com\/index.php?rest_route=\/wp\/v2\/posts\/48526\/revisions"}],"wp:featuredmedia":[{"embeddable":true,"href":"https:\/\/revistazetta.com\/index.php?rest_route=\/wp\/v2\/media\/48527"}],"wp:attachment":[{"href":"https:\/\/revistazetta.com\/index.php?rest_route=%2Fwp%2Fv2%2Fmedia&parent=48526"}],"wp:term":[{"taxonomy":"category","embeddable":true,"href":"https:\/\/revistazetta.com\/index.php?rest_route=%2Fwp%2Fv2%2Fcategories&post=48526"},{"taxonomy":"post_tag","embeddable":true,"href":"https:\/\/revistazetta.com\/index.php?rest_route=%2Fwp%2Fv2%2Ftags&post=48526"}],"curies":[{"name":"wp","href":"https:\/\/api.w.org\/{rel}","templated":true}]}}