{"id":48535,"date":"2022-12-14T18:56:38","date_gmt":"2022-12-14T23:56:38","guid":{"rendered":"https:\/\/revistazetta.com\/?p=48535"},"modified":"2022-12-14T19:11:06","modified_gmt":"2022-12-15T00:11:06","slug":"heroicos-sonido-cartagenero-obtiene-el-premio-artista-del-ano-2022","status":"publish","type":"post","link":"https:\/\/revistazetta.com\/?p=48535","title":{"rendered":"Heroicos Sonido Cartagenero obtiene el premio \u00abArtista del A\u00f1o 2022\u00bb"},"content":{"rendered":"<p><strong>Cartagena de Indias, 14 de diciembre de 2022.-<\/strong>\u00a0El colectivo musical Heroicos Sonido Cartagenero obtuvo el premio \u00abArtista del A\u00f1o 2022\u00bb que otorga Revista Zetta.<\/p>\n<p>Liderado por Boris Garc\u00eda, Heroicos Sonido Cartagena descoll\u00f3 con diferentes propuestas, y adem\u00e1s extendi\u00f3 su radio de acci\u00f3n con la puesta en marcha de Heroicos Records,\u00a0un concepto de mu\u0301sica y creacio\u0301n de inspiracio\u0301n local y bu\u0301squeda universal nacido en Cartagena de Indias.<\/p>\n<p>\u00abArtista del A\u00f1o\u00bb es una de las nueve categor\u00edas del premio \u00abPersona del A\u00f1o\u00bb que otorga Revista Zetta, y que tendr\u00e1 una ceremonia este viernes 16 de diciembre, a las 8 de la ma\u00f1ana, en Uniandes (Serena del Mar).<\/p>\n<p><strong>Sonido Cartagenero<\/strong><\/p>\n<p>Mu\u0301sicos, cantantes, productores, realizadores audiovisuales, aliados de la industria musical y un equipo de profesionales y creativos, hacen realidad un anhelo colectivo: el suen\u0303o plural de llevar la mu\u0301sica cartagenera, de distintas generaciones, a muchos lugares del mundo.<\/p>\n<p>La gesta de Heroicos en 2022 es toda una muestra del alma multisonora de Cartagena de Indias y de la potencia musical de los artistas de la ciudad.<\/p>\n<p>Boris Garc\u00eda destac\u00f3 el \u00e1lbum completo y libro de memorias de la voz insigne de Cartagena, Cenelia Alca\u0301zar.<\/p>\n<p>De igual forma Cumbia Mulata, una propuesta donde se combinas voces, estilos y generaciones de lo m\u00e1s significativo de nuestras voces femeninas como Cenelia Alc\u00e1zar\/Laura de Le\u00f3n\/ Mayte Montero\/Adry La Fant\u00e1stica\/ Mery Lionz\/Vivi Orozco\/Vero Orozco\/Aida bossa\/ Pabla Flores\/ Cecilia Silva.<\/p>\n<p><img loading=\"lazy\" decoding=\"async\" class=\"alignnone size-medium wp-image-47493\" src=\"https:\/\/revistazetta.com\/wp-content\/uploads\/2022\/10\/WhatsApp-Image-2022-09-30-at-3.48.17-PM-400x235.jpeg\" sizes=\"auto, (max-width: 400px) 100vw, 400px\" srcset=\"https:\/\/revistazetta.com\/wp-content\/uploads\/2022\/10\/WhatsApp-Image-2022-09-30-at-3.48.17-PM-400x235.jpeg 400w, https:\/\/revistazetta.com\/wp-content\/uploads\/2022\/10\/WhatsApp-Image-2022-09-30-at-3.48.17-PM.jpeg 750w\" alt=\"\" width=\"400\" height=\"235\" \/><\/p>\n<p>El Ventanal ha sido todo un suceso musical, tema que estuvo entre los finalistas de \u00abCanci\u00f3n del A\u00f1o\u00bb. Se trata de una composici\u00f3n de nuestro gran Joe Arroyo, hecha leyenda por V\u00edctor \u00abten\u00bb del Real y Juan Carlos Coronel, y que llega en una nueva versi\u00f3n con la participaci\u00f3n de Mr Black, Jerau, Luismi Yanes, Rolando Altamar y Boris Garc\u00eda.<\/p>\n<p><img loading=\"lazy\" decoding=\"async\" class=\"alignnone size-medium wp-image-48538\" src=\"https:\/\/revistazetta.com\/wp-content\/uploads\/2022\/12\/El-Ventanal-400x225.jpg\" alt=\"\" width=\"400\" height=\"225\" srcset=\"https:\/\/revistazetta.com\/wp-content\/uploads\/2022\/12\/El-Ventanal-400x225.jpg 400w, https:\/\/revistazetta.com\/wp-content\/uploads\/2022\/12\/El-Ventanal.jpg 750w\" sizes=\"auto, (max-width: 400px) 100vw, 400px\" \/><\/p>\n<p><strong>Tiago Garci\u0301a:<\/strong><br \/>\nNueva voz de la mu\u0301sica del caribe.<br \/>\nAfro beat, pop, tropical style, sonido cartagenero, ritmos del mundo en un son de atardecer.<\/p>\n<p>&nbsp;<\/p>\n<p>&nbsp;<\/p>\n","protected":false},"excerpt":{"rendered":"<p>Cartagena de Indias, 14 de diciembre de 2022.-\u00a0El colectivo musical Heroicos Sonido Cartagenero obtuvo el premio \u00abArtista del A\u00f1o 2022\u00bb que otorga Revista Zetta. Liderado por Boris Garc\u00eda, Heroicos Sonido Cartagena descoll\u00f3 con diferentes propuestas, y adem\u00e1s extendi\u00f3 su radio de acci\u00f3n con la puesta en marcha de Heroicos Records,\u00a0un concepto de mu\u0301sica y creacio\u0301n de inspiracio\u0301n local y bu\u0301squeda universal nacido en Cartagena de Indias. \u00abArtista del A\u00f1o\u00bb es una de las nueve categor\u00edas del premio \u00abPersona del A\u00f1o\u00bb que otorga Revista Zetta, y que tendr\u00e1 una ceremonia este&#8230; <\/p>\n","protected":false},"author":3,"featured_media":48536,"comment_status":"closed","ping_status":"closed","sticky":false,"template":"","format":"standard","meta":{"footnotes":"","_links_to":"","_links_to_target":""},"categories":[75,1356],"tags":[1422,156,285,1423,1357],"class_list":["post-48535","post","type-post","status-publish","format-standard","has-post-thumbnail","hentry","category-destacada","category-persona-del-ano","tag-artista-del-ano","tag-boris-garcia","tag-destacada","tag-heroicos-sonido-cartagenero","tag-persona-del-ano"],"_links":{"self":[{"href":"https:\/\/revistazetta.com\/index.php?rest_route=\/wp\/v2\/posts\/48535","targetHints":{"allow":["GET"]}}],"collection":[{"href":"https:\/\/revistazetta.com\/index.php?rest_route=\/wp\/v2\/posts"}],"about":[{"href":"https:\/\/revistazetta.com\/index.php?rest_route=\/wp\/v2\/types\/post"}],"author":[{"embeddable":true,"href":"https:\/\/revistazetta.com\/index.php?rest_route=\/wp\/v2\/users\/3"}],"replies":[{"embeddable":true,"href":"https:\/\/revistazetta.com\/index.php?rest_route=%2Fwp%2Fv2%2Fcomments&post=48535"}],"version-history":[{"count":0,"href":"https:\/\/revistazetta.com\/index.php?rest_route=\/wp\/v2\/posts\/48535\/revisions"}],"wp:featuredmedia":[{"embeddable":true,"href":"https:\/\/revistazetta.com\/index.php?rest_route=\/wp\/v2\/media\/48536"}],"wp:attachment":[{"href":"https:\/\/revistazetta.com\/index.php?rest_route=%2Fwp%2Fv2%2Fmedia&parent=48535"}],"wp:term":[{"taxonomy":"category","embeddable":true,"href":"https:\/\/revistazetta.com\/index.php?rest_route=%2Fwp%2Fv2%2Fcategories&post=48535"},{"taxonomy":"post_tag","embeddable":true,"href":"https:\/\/revistazetta.com\/index.php?rest_route=%2Fwp%2Fv2%2Ftags&post=48535"}],"curies":[{"name":"wp","href":"https:\/\/api.w.org\/{rel}","templated":true}]}}