{"id":48606,"date":"2023-01-12T07:03:45","date_gmt":"2023-01-12T12:03:45","guid":{"rendered":"https:\/\/revistazetta.com\/?p=48606"},"modified":"2023-01-12T07:03:45","modified_gmt":"2023-01-12T12:03:45","slug":"simbolo-de-cuenta-conmingo-cartagena-obtiene-registro-del-consejo-nacional-electoral","status":"publish","type":"post","link":"https:\/\/revistazetta.com\/?p=48606","title":{"rendered":"S\u00edmbolo de \u00abCuenta Conmingo Cartagena\u00bb obtiene registro del Consejo Nacional Electoral"},"content":{"rendered":"<p><strong>Cartagena de Indias, 12 de enero de 2023.-<\/strong> Adem\u00e1s de ser el primer movimiento inscrito para recaudar firmas en Cartagena de Indias, es el primero en obtener reconocimiento de su s\u00edmbolo. Se trata de \u00abCuenta Conmigo Cartagena\u00bb, que impulsa la candidatura a la Alcald\u00eda del abogado Reynaldo Tovar.<\/p>\n<p>\u00abEl CNE registr\u00f3 la denominaci\u00f3n, el s\u00edmbolo, emblema y\/o logotipo del Grupo Significativo de Ciudadanos denominado \u201cCUENTA CONMIGO CARTAGENA\u201d para la recolecci\u00f3n de apoyos requeridos para la inscripci\u00f3n de candidatura a la Alcald\u00eda de Cartagena \u2013Bol\u00edvar de ReynaldoTovar Carrasquilla, para las elecciones de 29 de octubre de 2023\u00bb, inform\u00f3 su campa\u00f1a.<\/p>\n<p><img loading=\"lazy\" decoding=\"async\" class=\"alignnone wp-image-48608 size-large\" src=\"https:\/\/revistazetta.com\/wp-content\/uploads\/2023\/01\/WhatsApp-Image-2023-01-11-at-7.07.44-PM-727x1024.jpeg\" alt=\"\" width=\"727\" height=\"1024\" srcset=\"https:\/\/revistazetta.com\/wp-content\/uploads\/2023\/01\/WhatsApp-Image-2023-01-11-at-7.07.44-PM-727x1024.jpeg 727w, https:\/\/revistazetta.com\/wp-content\/uploads\/2023\/01\/WhatsApp-Image-2023-01-11-at-7.07.44-PM-284x400.jpeg 284w, https:\/\/revistazetta.com\/wp-content\/uploads\/2023\/01\/WhatsApp-Image-2023-01-11-at-7.07.44-PM.jpeg 909w\" sizes=\"auto, (max-width: 727px) 100vw, 727px\" \/><\/p>\n","protected":false},"excerpt":{"rendered":"<p>Cartagena de Indias, 12 de enero de 2023.- Adem\u00e1s de ser el primer movimiento inscrito para recaudar firmas en Cartagena de Indias, es el primero en obtener reconocimiento de su s\u00edmbolo. Se trata de \u00abCuenta Conmigo Cartagena\u00bb, que impulsa la candidatura a la Alcald\u00eda del abogado Reynaldo Tovar. \u00abEl CNE registr\u00f3 la denominaci\u00f3n, el s\u00edmbolo, emblema y\/o logotipo del Grupo Significativo de Ciudadanos denominado \u201cCUENTA CONMIGO CARTAGENA\u201d para la recolecci\u00f3n de apoyos requeridos para la inscripci\u00f3n de candidatura a la Alcald\u00eda de Cartagena \u2013Bol\u00edvar de ReynaldoTovar Carrasquilla, para las elecciones&#8230; <\/p>\n","protected":false},"author":3,"featured_media":48607,"comment_status":"closed","ping_status":"closed","sticky":false,"template":"","format":"standard","meta":{"footnotes":"","_links_to":"","_links_to_target":""},"categories":[75,26,4],"tags":[191,285,983,350,298,1436],"class_list":["post-48606","post","type-post","status-publish","format-standard","has-post-thumbnail","hentry","category-destacada","category-politica-noticias","category-politica","tag-cartagena-de-indias","tag-destacada","tag-elecciones-2023","tag-noticias","tag-politica","tag-reynaldo-tovar"],"_links":{"self":[{"href":"https:\/\/revistazetta.com\/index.php?rest_route=\/wp\/v2\/posts\/48606","targetHints":{"allow":["GET"]}}],"collection":[{"href":"https:\/\/revistazetta.com\/index.php?rest_route=\/wp\/v2\/posts"}],"about":[{"href":"https:\/\/revistazetta.com\/index.php?rest_route=\/wp\/v2\/types\/post"}],"author":[{"embeddable":true,"href":"https:\/\/revistazetta.com\/index.php?rest_route=\/wp\/v2\/users\/3"}],"replies":[{"embeddable":true,"href":"https:\/\/revistazetta.com\/index.php?rest_route=%2Fwp%2Fv2%2Fcomments&post=48606"}],"version-history":[{"count":0,"href":"https:\/\/revistazetta.com\/index.php?rest_route=\/wp\/v2\/posts\/48606\/revisions"}],"wp:featuredmedia":[{"embeddable":true,"href":"https:\/\/revistazetta.com\/index.php?rest_route=\/wp\/v2\/media\/48607"}],"wp:attachment":[{"href":"https:\/\/revistazetta.com\/index.php?rest_route=%2Fwp%2Fv2%2Fmedia&parent=48606"}],"wp:term":[{"taxonomy":"category","embeddable":true,"href":"https:\/\/revistazetta.com\/index.php?rest_route=%2Fwp%2Fv2%2Fcategories&post=48606"},{"taxonomy":"post_tag","embeddable":true,"href":"https:\/\/revistazetta.com\/index.php?rest_route=%2Fwp%2Fv2%2Ftags&post=48606"}],"curies":[{"name":"wp","href":"https:\/\/api.w.org\/{rel}","templated":true}]}}