{"id":48609,"date":"2023-01-12T15:21:30","date_gmt":"2023-01-12T20:21:30","guid":{"rendered":"https:\/\/revistazetta.com\/?p=48609"},"modified":"2023-01-12T15:26:54","modified_gmt":"2023-01-12T20:26:54","slug":"revelan-grave-estado-de-salud-de-enilse-lopez-romero","status":"publish","type":"post","link":"https:\/\/revistazetta.com\/?p=48609","title":{"rendered":"Revelan grave estado de salud de Enilse L\u00f3pez Romero"},"content":{"rendered":"<p><strong>12 de enero de 2023.-<\/strong>\u00a0En la ma\u00f1ana de este jueves fuentes cercanas a la familia Alfonso L\u00f3pez informaron que el estado de salud de la reconocida empresaria del chance, Enilse L\u00f3pez Romero, quien cumple una condena en su residencia, es delicado.<\/p>\n<p>Lo que dicen sus allegados es que fue trasladada a una cl\u00ednica por una crisis de hipertensi\u00f3n cerebral.<\/p>\n<p>Un m\u00e9dico de nombre Rafael precis\u00f3 que Enilse L\u00f3pez ha sido atacada por bacterias de tipo nosocomial o intrahospitalarias y, adem\u00e1s, presenta m\u00e1s de 30 patolog\u00edas, entre ellas desnutrici\u00f3n proteico cal\u00f3rica, isquemias, problemas de cardiopat\u00eda, sangrando digestivo y obstrucciones pulmonares cr\u00f3nicas.<\/p>\n<p>\u201cSu estado de salud es grave, es lo que nos han dicho. Desde finales del 2022 ha presentado inconvenientes, pero todos hab\u00edan sido tratados en su residencia en Barranquilla, pero esta vez requiri\u00f3 ser trasladada a un centro de mayor complejidad\u201d, dijo un miembro de su n\u00facleo familiar.<\/p>\n<p>Al respecto el veedor Pablo Bustos, presidente de la Red de Veedur\u00edas de Colombia (Redver), precis\u00f3 que \u201chacemos un llamado humanitario para que se garanticen los derechos fundamentales a la vida y salud que de tiempo atr\u00e1s viene desatendiendo la administraci\u00f3n de justicia ordinaria, al igual que la Justicia Especial Para la Paz (JEP) donde recurrentemente se le han vulnerado las garant\u00edas procesales universales a la citada empresaria, al igual a su familia, como resultado de una sistem\u00e1tica persecuci\u00f3n de quienes pretenden que el pa\u00eds no conozca la verdad de las p\u00e1ginas m\u00e1s tenebrosas de la Costa Caribe colombiana en su reciente historia\u201d.<\/p>\n<p>Enilse L\u00f3pez Romero fue detenida el 9 de febrero del 2006 y desde entonces ha estado privada de la libertad, un tiempo en instituciones carcelarias y otro en su residencia, debido a la complejidad de su enfermedad. Dicen los m\u00e9dicos que padece m\u00e1s de 30 patolog\u00edas.<\/p>\n<p>Noticia en desarrollo<\/p>\n<p>(( Remitido ))<\/p>\n","protected":false},"excerpt":{"rendered":"<p>12 de enero de 2023.-\u00a0En la ma\u00f1ana de este jueves fuentes cercanas a la familia Alfonso L\u00f3pez informaron que el estado de salud de la reconocida empresaria del chance, Enilse L\u00f3pez Romero, quien cumple una condena en su residencia, es delicado. Lo que dicen sus allegados es que fue trasladada a una cl\u00ednica por una crisis de hipertensi\u00f3n cerebral. Un m\u00e9dico de nombre Rafael precis\u00f3 que Enilse L\u00f3pez ha sido atacada por bacterias de tipo nosocomial o intrahospitalarias y, adem\u00e1s, presenta m\u00e1s de 30 patolog\u00edas, entre ellas desnutrici\u00f3n proteico cal\u00f3rica,&#8230; <\/p>\n","protected":false},"author":3,"featured_media":48611,"comment_status":"closed","ping_status":"closed","sticky":false,"template":"","format":"standard","meta":{"footnotes":"","_links_to":"","_links_to_target":""},"categories":[2],"tags":[294],"class_list":["post-48609","post","type-post","status-publish","format-standard","has-post-thumbnail","hentry","category-actualidad","tag-actualidad"],"_links":{"self":[{"href":"https:\/\/revistazetta.com\/index.php?rest_route=\/wp\/v2\/posts\/48609","targetHints":{"allow":["GET"]}}],"collection":[{"href":"https:\/\/revistazetta.com\/index.php?rest_route=\/wp\/v2\/posts"}],"about":[{"href":"https:\/\/revistazetta.com\/index.php?rest_route=\/wp\/v2\/types\/post"}],"author":[{"embeddable":true,"href":"https:\/\/revistazetta.com\/index.php?rest_route=\/wp\/v2\/users\/3"}],"replies":[{"embeddable":true,"href":"https:\/\/revistazetta.com\/index.php?rest_route=%2Fwp%2Fv2%2Fcomments&post=48609"}],"version-history":[{"count":0,"href":"https:\/\/revistazetta.com\/index.php?rest_route=\/wp\/v2\/posts\/48609\/revisions"}],"wp:featuredmedia":[{"embeddable":true,"href":"https:\/\/revistazetta.com\/index.php?rest_route=\/wp\/v2\/media\/48611"}],"wp:attachment":[{"href":"https:\/\/revistazetta.com\/index.php?rest_route=%2Fwp%2Fv2%2Fmedia&parent=48609"}],"wp:term":[{"taxonomy":"category","embeddable":true,"href":"https:\/\/revistazetta.com\/index.php?rest_route=%2Fwp%2Fv2%2Fcategories&post=48609"},{"taxonomy":"post_tag","embeddable":true,"href":"https:\/\/revistazetta.com\/index.php?rest_route=%2Fwp%2Fv2%2Ftags&post=48609"}],"curies":[{"name":"wp","href":"https:\/\/api.w.org\/{rel}","templated":true}]}}